{"id":12811,"date":"2026-04-12T16:12:09","date_gmt":"2026-04-12T22:12:09","guid":{"rendered":"https:\/\/antiguaesportiva.com\/revista\/?p=12811"},"modified":"2026-04-12T16:12:10","modified_gmt":"2026-04-12T22:12:10","slug":"el-estado-del-plantel-de-antigua-gfc-tras-la-ultima-jornada","status":"publish","type":"post","link":"https:\/\/antiguaesportiva.com\/revista\/2026\/04\/12\/el-estado-del-plantel-de-antigua-gfc-tras-la-ultima-jornada\/","title":{"rendered":"El estado del plantel de Antigua GFC tras la \u00faltima jornada"},"content":{"rendered":"\n<p><strong>La direcci\u00f3n t\u00e9cnica deber\u00e1 realizar ajustes profundos en la convocatoria debido a las seis bajas confirmadas en la plantilla titular y de recambio.<\/strong><\/p>\n\n\n\n<h3 class=\"wp-block-heading\">El panorama en el centro del campo y extremos<\/h3>\n\n\n\n<p>El balance disciplinario ha dejado mermadas las opciones habituales para el armado del equipo. El mediocampo pierde solidez con la ausencia forzada de Jos\u00e9 Rosales, suspendido por tarjeta roja, y de Enrique Camargo, quien se mantiene fuera de los planes inmediatos por sanci\u00f3n.<\/p>\n\n\n\n<p>A este escenario se suma la baja de \u00d3scar Santis. El extremo, habitual generador de peligro por las bandas, no podr\u00e1 tener actividad en el pr\u00f3ximo compromiso tras acumular una doble amonestaci\u00f3n, lo que obliga a buscar nuevas variantes en profundidad y velocidad.<\/p>\n\n\n\n<figure class=\"wp-block-image size-full is-resized\"><img loading=\"lazy\" decoding=\"async\" width=\"700\" height=\"250\" src=\"https:\/\/antiguaesportiva.com\/revista\/wp-content\/uploads\/2025\/12\/fisiocas-web.png\" alt=\"\" class=\"wp-image-11081\" style=\"width:501px;height:auto\" srcset=\"https:\/\/antiguaesportiva.com\/revista\/wp-content\/uploads\/2025\/12\/fisiocas-web.png 700w, https:\/\/antiguaesportiva.com\/revista\/wp-content\/uploads\/2025\/12\/fisiocas-web-300x107.png 300w, https:\/\/antiguaesportiva.com\/revista\/wp-content\/uploads\/2025\/12\/fisiocas-web-554x198.png 554w\" sizes=\"auto, (max-width: 700px) 100vw, 700px\" \/><figcaption class=\"wp-element-caption\">Fisioterapia<\/figcaption><\/figure>\n\n\n\n<h3 class=\"wp-block-heading\">Departamento m\u00e9dico: Reporte de lesionados<\/h3>\n\n\n\n<p>La integridad f\u00edsica de los jugadores tambi\u00e9n ha pasado factura. El cuerpo m\u00e9dico trabaja en la recuperaci\u00f3n de dos piezas ofensivas que no estar\u00e1n disponibles para la pr\u00f3xima convocatoria:<\/p>\n\n\n\n<ul class=\"wp-block-list\">\n<li><strong>Dewinder Bradley:<\/strong> Presenta complicaciones f\u00edsicas que requieren reposo y tratamiento.<\/li>\n\n\n\n<li><strong>Diego Fern\u00e1ndez:<\/strong> Se confirma su baja por lesi\u00f3n, reduciendo las opciones de recambio en el frente de ataque.<\/li>\n<\/ul>\n\n\n\n<hr class=\"wp-block-separator has-alpha-channel-opacity\"\/>\n\n\n\n<h3 class=\"wp-block-heading\">Gesti\u00f3n de carga y rotaci\u00f3n t\u00e9cnica<\/h3>\n\n\n\n<p>Dentro de las ausencias, destaca el caso de Guillermo Carbonell. A diferencia de sus compa\u00f1eros, su baja no responde a motivos m\u00e9dicos ni disciplinarios, sino a una gesti\u00f3n de rotaci\u00f3n estrat\u00e9gica decidida por el cuerpo t\u00e9cnico. Esta medida busca prevenir el desgaste muscular y asegurar el rendimiento del jugador para el cierre de la temporada.<\/p>\n\n\n\n<figure class=\"wp-block-image size-full is-resized\"><img loading=\"lazy\" decoding=\"async\" width=\"700\" height=\"250\" src=\"https:\/\/antiguaesportiva.com\/revista\/wp-content\/uploads\/2025\/12\/Banners-web.png\" alt=\"\" class=\"wp-image-11084\" style=\"width:549px;height:auto\" srcset=\"https:\/\/antiguaesportiva.com\/revista\/wp-content\/uploads\/2025\/12\/Banners-web.png 700w, https:\/\/antiguaesportiva.com\/revista\/wp-content\/uploads\/2025\/12\/Banners-web-300x107.png 300w, https:\/\/antiguaesportiva.com\/revista\/wp-content\/uploads\/2025\/12\/Banners-web-554x198.png 554w\" sizes=\"auto, (max-width: 700px) 100vw, 700px\" \/><\/figure>\n\n\n\n<h3 class=\"wp-block-heading\">Reconfiguraci\u00f3n del esquema t\u00e1ctico<\/h3>\n\n\n\n<p>Ante la ausencia de estos seis futbolistas, el equipo se ve en la necesidad de recurrir a la profundidad de su banquillo. Se espera que en los pr\u00f3ximos entrenamientos se defina qui\u00e9nes ocupar\u00e1n las plazas vacantes, brindando una oportunidad clave para que los jugadores con menos minutos demuestren su capacidad de respuesta en un momento determinante para el club.<\/p>\n","protected":false},"excerpt":{"rendered":"<p>La direcci\u00f3n t\u00e9cnica deber\u00e1 realizar ajustes profundos en la convocatoria debido a las seis bajas confirmadas en la plantilla titular y de recambio. El panorama en el centro del campo y extremos El balance disciplinario ha dejado mermadas las opciones habituales para el armado del equipo. El mediocampo pierde solidez con la ausencia forzada de [&hellip;]<\/p>\n","protected":false},"author":9,"featured_media":12818,"comment_status":"closed","ping_status":"closed","sticky":false,"template":"","format":"standard","meta":{"footnotes":""},"categories":[29],"tags":[47,45,1662,343,55,1361],"class_list":["post-12811","post","type-post","status-publish","format-standard","has-post-thumbnail","hentry","category-antigua-gfc","tag-antigua-esportiva","tag-antigua-gfc","tag-enrique-camargo","tag-jose-rosales","tag-liga-nacional-de-futbol-de-guatemala","tag-torneo-clausura-2026"],"_links":{"self":[{"href":"https:\/\/antiguaesportiva.com\/revista\/wp-json\/wp\/v2\/posts\/12811","targetHints":{"allow":["GET"]}}],"collection":[{"href":"https:\/\/antiguaesportiva.com\/revista\/wp-json\/wp\/v2\/posts"}],"about":[{"href":"https:\/\/antiguaesportiva.com\/revista\/wp-json\/wp\/v2\/types\/post"}],"author":[{"embeddable":true,"href":"https:\/\/antiguaesportiva.com\/revista\/wp-json\/wp\/v2\/users\/9"}],"replies":[{"embeddable":true,"href":"https:\/\/antiguaesportiva.com\/revista\/wp-json\/wp\/v2\/comments?post=12811"}],"version-history":[{"count":1,"href":"https:\/\/antiguaesportiva.com\/revista\/wp-json\/wp\/v2\/posts\/12811\/revisions"}],"predecessor-version":[{"id":12819,"href":"https:\/\/antiguaesportiva.com\/revista\/wp-json\/wp\/v2\/posts\/12811\/revisions\/12819"}],"wp:featuredmedia":[{"embeddable":true,"href":"https:\/\/antiguaesportiva.com\/revista\/wp-json\/wp\/v2\/media\/12818"}],"wp:attachment":[{"href":"https:\/\/antiguaesportiva.com\/revista\/wp-json\/wp\/v2\/media?parent=12811"}],"wp:term":[{"taxonomy":"category","embeddable":true,"href":"https:\/\/antiguaesportiva.com\/revista\/wp-json\/wp\/v2\/categories?post=12811"},{"taxonomy":"post_tag","embeddable":true,"href":"https:\/\/antiguaesportiva.com\/revista\/wp-json\/wp\/v2\/tags?post=12811"}],"curies":[{"name":"wp","href":"https:\/\/api.w.org\/{rel}","templated":true}]}}