{"id":12435,"date":"2026-03-14T15:05:24","date_gmt":"2026-03-14T21:05:24","guid":{"rendered":"https:\/\/antiguaesportiva.com\/revista\/?p=12435"},"modified":"2026-03-14T15:05:25","modified_gmt":"2026-03-14T21:05:25","slug":"roberto-hernandez-habla-sobre-su-llegada-a-xelaju-mc-y-su-sueno-de-pelear-por-el-titulo","status":"publish","type":"post","link":"https:\/\/antiguaesportiva.com\/revista\/2026\/03\/14\/roberto-hernandez-habla-sobre-su-llegada-a-xelaju-mc-y-su-sueno-de-pelear-por-el-titulo\/","title":{"rendered":"Roberto Hern\u00e1ndez habla sobre su llegada a Xelaj\u00fa MC y su sue\u00f1o de pelear por el t\u00edtulo"},"content":{"rendered":"\n<p>El t\u00e9cnico analiza el presente del equipo y la exigencia de dirigir en Quetzaltenango<\/p>\n\n\n\n<p>El entrenador de Xelaj\u00fa MC, Roberto Hern\u00e1ndez, ofreci\u00f3 una entrevista exclusiva en la que comparti\u00f3 sus primeras impresiones tras asumir el mando del conjunto quetzalteco. El estratega destac\u00f3 la disposici\u00f3n del plantel, el compromiso de los jugadores y la exigencia que representa dirigir a uno de los clubes con mayor identidad del f\u00fatbol guatemalteco.<\/p>\n\n\n\n<p>Hern\u00e1ndez asegur\u00f3 que su principal objetivo es consolidar un equipo competitivo que pueda aspirar a grandes cosas en el torneo.<\/p>\n\n\n\n<figure class=\"wp-block-image size-full is-resized\"><img loading=\"lazy\" decoding=\"async\" width=\"700\" height=\"250\" src=\"https:\/\/antiguaesportiva.com\/revista\/wp-content\/uploads\/2025\/12\/Banners-web.png\" alt=\"\" class=\"wp-image-11084\" style=\"width:616px;height:auto\" srcset=\"https:\/\/antiguaesportiva.com\/revista\/wp-content\/uploads\/2025\/12\/Banners-web.png 700w, https:\/\/antiguaesportiva.com\/revista\/wp-content\/uploads\/2025\/12\/Banners-web-300x107.png 300w, https:\/\/antiguaesportiva.com\/revista\/wp-content\/uploads\/2025\/12\/Banners-web-554x198.png 554w\" sizes=\"auto, (max-width: 700px) 100vw, 700px\" \/><\/figure>\n\n\n\n<hr class=\"wp-block-separator has-alpha-channel-opacity\"\/>\n\n\n\n<h2 class=\"wp-block-heading\">Un grupo con jerarqu\u00eda y compromiso<\/h2>\n\n\n\n<p>El t\u00e9cnico resalt\u00f3 que desde su llegada encontr\u00f3 un grupo de jugadores comprometidos y enfocados en el bien colectivo, algo que considera fundamental para aspirar a objetivos importantes.<\/p>\n\n\n\n<p>Seg\u00fan explic\u00f3, el plantel cuenta con futbolistas de experiencia y car\u00e1cter que, pese a tener su propio protagonismo dentro del campo, han sabido priorizar al equipo por encima de los intereses personales.<\/p>\n\n\n\n<p>\u201cEl grupo tiene mucha jerarqu\u00eda. Todos los jugadores tienen su ego, eso es normal en el f\u00fatbol, pero lo importante es que han puesto al equipo por delante. Eso habla muy bien de ellos y de la mentalidad que existe dentro del camerino\u201d, expres\u00f3 el entrenador.<\/p>\n\n\n\n<figure class=\"wp-block-image size-full is-resized\"><img loading=\"lazy\" decoding=\"async\" width=\"700\" height=\"250\" src=\"https:\/\/antiguaesportiva.com\/revista\/wp-content\/uploads\/2025\/12\/fisiocas-web.png\" alt=\"\" class=\"wp-image-11081\" style=\"width:563px;height:auto\" srcset=\"https:\/\/antiguaesportiva.com\/revista\/wp-content\/uploads\/2025\/12\/fisiocas-web.png 700w, https:\/\/antiguaesportiva.com\/revista\/wp-content\/uploads\/2025\/12\/fisiocas-web-300x107.png 300w, https:\/\/antiguaesportiva.com\/revista\/wp-content\/uploads\/2025\/12\/fisiocas-web-554x198.png 554w\" sizes=\"auto, (max-width: 700px) 100vw, 700px\" \/><\/figure>\n\n\n\n<hr class=\"wp-block-separator has-alpha-channel-opacity\"\/>\n\n\n\n<h2 class=\"wp-block-heading\">La adaptaci\u00f3n al estilo de juego<\/h2>\n\n\n\n<p>Hern\u00e1ndez tambi\u00e9n habl\u00f3 sobre el trabajo t\u00e1ctico que busca implementar en el equipo. Se\u00f1al\u00f3 que su idea es mantener un modelo de juego claro y sencillo, que permita a los futbolistas desarrollar sus capacidades dentro del terreno de juego sin complicaciones.<\/p>\n\n\n\n<p>El entrenador subray\u00f3 que el proceso de adaptaci\u00f3n ha sido positivo gracias a la buena comunicaci\u00f3n con los jugadores y la apertura que han mostrado para entender la propuesta del cuerpo t\u00e9cnico.<\/p>\n\n\n\n<hr class=\"wp-block-separator has-alpha-channel-opacity\"\/>\n\n\n\n<h2 class=\"wp-block-heading\">La importancia de los jugadores que ya lo conoc\u00edan<\/h2>\n\n\n\n<p>Otro aspecto que facilit\u00f3 su llegada al club fue la presencia de futbolistas que ya hab\u00edan trabajado con \u00e9l anteriormente. Para el t\u00e9cnico, esto permiti\u00f3 acelerar el proceso de adaptaci\u00f3n tanto dentro del vestuario como en el campo.<\/p>\n\n\n\n<p>Contar con jugadores que conocen su metodolog\u00eda, su forma de entrenar y su estilo de liderazgo ha sido un factor clave para transmitir su idea de juego al resto del plantel.<\/p>\n\n\n\n<hr class=\"wp-block-separator has-alpha-channel-opacity\"\/>\n\n\n\n<h2 class=\"wp-block-heading\">La exigencia de jugar en Xela<\/h2>\n\n\n\n<p>Dirigir a Xelaj\u00fa MC implica enfrentar un entorno \u00fanico en el f\u00fatbol guatemalteco. Hern\u00e1ndez reconoci\u00f3 que uno de los retos para los jugadores que llegan al club es adaptarse a las condiciones de la ciudad y a la presi\u00f3n de la afici\u00f3n.<\/p>\n\n\n\n<p>La altura de Quetzaltenango y la intensidad con la que la afici\u00f3n vive cada partido convierten al equipo en uno de los m\u00e1s exigentes de la Liga Nacional de Guatemala.<\/p>\n\n\n\n<p>\u201cEl apoyo de la gente es impresionante. Aqu\u00ed la afici\u00f3n vive el f\u00fatbol de una manera muy cercana. Eso motiva, pero tambi\u00e9n exige mucho a los jugadores\u201d, coment\u00f3.<\/p>\n\n\n\n<hr class=\"wp-block-separator has-alpha-channel-opacity\"\/>\n\n\n\n<h2 class=\"wp-block-heading\">El sue\u00f1o de luchar por el campeonato<\/h2>\n\n\n\n<p>Finalmente, Hern\u00e1ndez dej\u00f3 claro que el objetivo del equipo es competir al m\u00e1ximo nivel y pelear por el t\u00edtulo. Para el entrenador, el camino hacia el campeonato pasa por mantener la unidad del grupo y potenciar las fortalezas del plantel.<\/p>\n\n\n\n<p>Con trabajo, compromiso y el respaldo de la afici\u00f3n, el t\u00e9cnico conf\u00eda en que Xelaj\u00fa MC pueda consolidarse como un serio candidato en el torneo.<\/p>\n","protected":false},"excerpt":{"rendered":"<p>El t\u00e9cnico analiza el presente del equipo y la exigencia de dirigir en Quetzaltenango El entrenador de Xelaj\u00fa MC, Roberto Hern\u00e1ndez, ofreci\u00f3 una entrevista exclusiva en la que comparti\u00f3 sus primeras impresiones tras asumir el mando del conjunto quetzalteco. El estratega destac\u00f3 la disposici\u00f3n del plantel, el compromiso de los jugadores y la exigencia que [&hellip;]<\/p>\n","protected":false},"author":9,"featured_media":11679,"comment_status":"closed","ping_status":"closed","sticky":false,"template":"","format":"standard","meta":{"footnotes":""},"categories":[31],"tags":[291,56,55,663,1012],"class_list":["post-12435","post","type-post","status-publish","format-standard","has-post-thumbnail","hentry","category-liga-nacional","tag-guatemala","tag-liga-nacional","tag-liga-nacional-de-futbol-de-guatemala","tag-roberto-hernandez","tag-xela-mc"],"_links":{"self":[{"href":"https:\/\/antiguaesportiva.com\/revista\/wp-json\/wp\/v2\/posts\/12435","targetHints":{"allow":["GET"]}}],"collection":[{"href":"https:\/\/antiguaesportiva.com\/revista\/wp-json\/wp\/v2\/posts"}],"about":[{"href":"https:\/\/antiguaesportiva.com\/revista\/wp-json\/wp\/v2\/types\/post"}],"author":[{"embeddable":true,"href":"https:\/\/antiguaesportiva.com\/revista\/wp-json\/wp\/v2\/users\/9"}],"replies":[{"embeddable":true,"href":"https:\/\/antiguaesportiva.com\/revista\/wp-json\/wp\/v2\/comments?post=12435"}],"version-history":[{"count":1,"href":"https:\/\/antiguaesportiva.com\/revista\/wp-json\/wp\/v2\/posts\/12435\/revisions"}],"predecessor-version":[{"id":12436,"href":"https:\/\/antiguaesportiva.com\/revista\/wp-json\/wp\/v2\/posts\/12435\/revisions\/12436"}],"wp:featuredmedia":[{"embeddable":true,"href":"https:\/\/antiguaesportiva.com\/revista\/wp-json\/wp\/v2\/media\/11679"}],"wp:attachment":[{"href":"https:\/\/antiguaesportiva.com\/revista\/wp-json\/wp\/v2\/media?parent=12435"}],"wp:term":[{"taxonomy":"category","embeddable":true,"href":"https:\/\/antiguaesportiva.com\/revista\/wp-json\/wp\/v2\/categories?post=12435"},{"taxonomy":"post_tag","embeddable":true,"href":"https:\/\/antiguaesportiva.com\/revista\/wp-json\/wp\/v2\/tags?post=12435"}],"curies":[{"name":"wp","href":"https:\/\/api.w.org\/{rel}","templated":true}]}}