{"id":12380,"date":"2026-03-09T11:57:54","date_gmt":"2026-03-09T17:57:54","guid":{"rendered":"https:\/\/antiguaesportiva.com\/revista\/?p=12380"},"modified":"2026-03-09T11:57:55","modified_gmt":"2026-03-09T17:57:55","slug":"antigua-gfc-viste-de-morado-y-celebra-un-gol-que-hizo-vibrar-al-estadio","status":"publish","type":"post","link":"https:\/\/antiguaesportiva.com\/revista\/2026\/03\/09\/antigua-gfc-viste-de-morado-y-celebra-un-gol-que-hizo-vibrar-al-estadio\/","title":{"rendered":"Antigua GFC viste de morado y celebra un gol que hizo vibrar al estadio"},"content":{"rendered":"\n<h2 class=\"wp-block-heading\">Un uniforme especial en honor a la Cuaresma<\/h2>\n\n\n\n<p>El club Antigua GFC present\u00f3 recientemente un uniforme especial color morado, un dise\u00f1o que busca rendir homenaje a una de las tradiciones m\u00e1s emblem\u00e1ticas de la ciudad colonial: la Cuaresma. Este color tiene un significado profundo para los antig\u00fce\u00f1os, ya que forma parte de las expresiones religiosas y culturales que identifican a la ciudad durante esta \u00e9poca del a\u00f1o.<\/p>\n\n\n\n<p>La iniciativa del equipo panza verde busca fortalecer el v\u00ednculo entre el club y la identidad cultural de Antigua Guatemala, resaltando la importancia de las tradiciones que forman parte del d\u00eda a d\u00eda de la afici\u00f3n.<\/p>\n\n\n\n<figure class=\"wp-block-image size-full is-resized\"><img loading=\"lazy\" decoding=\"async\" width=\"700\" height=\"250\" src=\"https:\/\/antiguaesportiva.com\/revista\/wp-content\/uploads\/2025\/12\/fisiocas-web.png\" alt=\"\" class=\"wp-image-11081\" style=\"width:456px;height:auto\" srcset=\"https:\/\/antiguaesportiva.com\/revista\/wp-content\/uploads\/2025\/12\/fisiocas-web.png 700w, https:\/\/antiguaesportiva.com\/revista\/wp-content\/uploads\/2025\/12\/fisiocas-web-300x107.png 300w, https:\/\/antiguaesportiva.com\/revista\/wp-content\/uploads\/2025\/12\/fisiocas-web-554x198.png 554w\" sizes=\"auto, (max-width: 700px) 100vw, 700px\" \/><\/figure>\n\n\n\n<h2 class=\"wp-block-heading\">Guillermo Carbonell marca un gol clave<\/h2>\n\n\n\n<p>Durante el encuentro disputado el d\u00eda de ayer, el defensor Guillermo Carbonell se convirti\u00f3 en protagonista al anotar un gol importante para el conjunto colonial. La anotaci\u00f3n lleg\u00f3 en un momento clave del partido y permiti\u00f3 que el equipo tomara impulso dentro del compromiso.<\/p>\n\n\n\n<p>El tanto fue celebrado con entusiasmo tanto por sus compa\u00f1eros como por los aficionados presentes en el estadio, quienes reconocieron la entrega del jugador en una jugada que termin\u00f3 siendo determinante en el desarrollo del encuentro.<\/p>\n\n\n\n<figure class=\"wp-block-image size-full is-resized\"><img loading=\"lazy\" decoding=\"async\" width=\"700\" height=\"250\" src=\"https:\/\/antiguaesportiva.com\/revista\/wp-content\/uploads\/2025\/12\/Banners-web.png\" alt=\"\" class=\"wp-image-11084\" style=\"width:476px;height:auto\" srcset=\"https:\/\/antiguaesportiva.com\/revista\/wp-content\/uploads\/2025\/12\/Banners-web.png 700w, https:\/\/antiguaesportiva.com\/revista\/wp-content\/uploads\/2025\/12\/Banners-web-300x107.png 300w, https:\/\/antiguaesportiva.com\/revista\/wp-content\/uploads\/2025\/12\/Banners-web-554x198.png 554w\" sizes=\"auto, (max-width: 700px) 100vw, 700px\" \/><\/figure>\n\n\n\n<h2 class=\"wp-block-heading\">Un momento que encendi\u00f3 a la afici\u00f3n<\/h2>\n\n\n\n<p>Adem\u00e1s de su labor dentro del campo, Carbonell tambi\u00e9n es conocido por su faceta como creador de contenido, lo que lo ha acercado a\u00fan m\u00e1s a los seguidores del club. Tras su anotaci\u00f3n, el defensor protagoniz\u00f3 un momento especial al incentivar al p\u00fablico a aplaudir el gol.<\/p>\n\n\n\n<p>La reacci\u00f3n fue inmediata: el estadio respondi\u00f3 con una ovaci\u00f3n que reflej\u00f3 la conexi\u00f3n entre el jugador y la afici\u00f3n colonial. El gesto se convirti\u00f3 en uno de los momentos m\u00e1s comentados del partido y dej\u00f3 una imagen de celebraci\u00f3n colectiva entre el equipo y sus seguidores.<\/p>\n","protected":false},"excerpt":{"rendered":"<p>Un uniforme especial en honor a la Cuaresma El club Antigua GFC present\u00f3 recientemente un uniforme especial color morado, un dise\u00f1o que busca rendir homenaje a una de las tradiciones m\u00e1s emblem\u00e1ticas de la ciudad colonial: la Cuaresma. Este color tiene un significado profundo para los antig\u00fce\u00f1os, ya que forma parte de las expresiones religiosas [&hellip;]<\/p>\n","protected":false},"author":9,"featured_media":12381,"comment_status":"closed","ping_status":"closed","sticky":false,"template":"","format":"standard","meta":{"footnotes":""},"categories":[29],"tags":[47,45,1322,1426,55,1361],"class_list":["post-12380","post","type-post","status-publish","format-standard","has-post-thumbnail","hentry","category-antigua-gfc","tag-antigua-esportiva","tag-antigua-gfc","tag-clausura-2026","tag-guillermo-carbonel","tag-liga-nacional-de-futbol-de-guatemala","tag-torneo-clausura-2026"],"_links":{"self":[{"href":"https:\/\/antiguaesportiva.com\/revista\/wp-json\/wp\/v2\/posts\/12380","targetHints":{"allow":["GET"]}}],"collection":[{"href":"https:\/\/antiguaesportiva.com\/revista\/wp-json\/wp\/v2\/posts"}],"about":[{"href":"https:\/\/antiguaesportiva.com\/revista\/wp-json\/wp\/v2\/types\/post"}],"author":[{"embeddable":true,"href":"https:\/\/antiguaesportiva.com\/revista\/wp-json\/wp\/v2\/users\/9"}],"replies":[{"embeddable":true,"href":"https:\/\/antiguaesportiva.com\/revista\/wp-json\/wp\/v2\/comments?post=12380"}],"version-history":[{"count":1,"href":"https:\/\/antiguaesportiva.com\/revista\/wp-json\/wp\/v2\/posts\/12380\/revisions"}],"predecessor-version":[{"id":12382,"href":"https:\/\/antiguaesportiva.com\/revista\/wp-json\/wp\/v2\/posts\/12380\/revisions\/12382"}],"wp:featuredmedia":[{"embeddable":true,"href":"https:\/\/antiguaesportiva.com\/revista\/wp-json\/wp\/v2\/media\/12381"}],"wp:attachment":[{"href":"https:\/\/antiguaesportiva.com\/revista\/wp-json\/wp\/v2\/media?parent=12380"}],"wp:term":[{"taxonomy":"category","embeddable":true,"href":"https:\/\/antiguaesportiva.com\/revista\/wp-json\/wp\/v2\/categories?post=12380"},{"taxonomy":"post_tag","embeddable":true,"href":"https:\/\/antiguaesportiva.com\/revista\/wp-json\/wp\/v2\/tags?post=12380"}],"curies":[{"name":"wp","href":"https:\/\/api.w.org\/{rel}","templated":true}]}}