{"id":12356,"date":"2026-03-08T11:44:01","date_gmt":"2026-03-08T17:44:01","guid":{"rendered":"https:\/\/antiguaesportiva.com\/revista\/?p=12356"},"modified":"2026-03-08T11:46:13","modified_gmt":"2026-03-08T17:46:13","slug":"joven-promesa-recibe-su-primera-convocatoria-con-el-plantel-mayor","status":"publish","type":"post","link":"https:\/\/antiguaesportiva.com\/revista\/2026\/03\/08\/joven-promesa-recibe-su-primera-convocatoria-con-el-plantel-mayor\/","title":{"rendered":"Joven promesa recibe su primera convocatoria con el plantel mayor"},"content":{"rendered":"\n<p>El delantero guatemalteco Aron Emiliano Loarca, de tan solo 16 a\u00f1os, se convierte en una de las principales novedades en la convocatoria del equipo mayor. El joven atacante, originario de San Juan Sacatep\u00e9quez, ha sido tomado en cuenta por el cuerpo t\u00e9cnico como una opci\u00f3n para el compromiso de ma\u00f1ana. Su inclusi\u00f3n en la lista refleja la confianza que el entrenador Mauricio Tapia ha depositado en el talento joven, brind\u00e1ndole la oportunidad de comenzar a tener contacto con el m\u00e1ximo nivel competitivo del club.<\/p>\n\n\n\n<figure class=\"wp-block-image size-full\"><img loading=\"lazy\" decoding=\"async\" width=\"700\" height=\"250\" src=\"https:\/\/antiguaesportiva.com\/revista\/wp-content\/uploads\/2025\/12\/fisiocas-web.png\" alt=\"\" class=\"wp-image-11081\" srcset=\"https:\/\/antiguaesportiva.com\/revista\/wp-content\/uploads\/2025\/12\/fisiocas-web.png 700w, https:\/\/antiguaesportiva.com\/revista\/wp-content\/uploads\/2025\/12\/fisiocas-web-300x107.png 300w, https:\/\/antiguaesportiva.com\/revista\/wp-content\/uploads\/2025\/12\/fisiocas-web-554x198.png 554w\" sizes=\"auto, (max-width: 700px) 100vw, 700px\" \/><\/figure>\n\n\n\n<h2 class=\"wp-block-heading\">Un ascenso r\u00e1pido desde las categor\u00edas formativas<\/h2>\n\n\n\n<p>Loarca lleg\u00f3 a la instituci\u00f3n en febrero de este a\u00f1o para integrarse a la categor\u00eda especial. Desde su llegada mostr\u00f3 cualidades importantes en el frente de ataque, destacando por su movilidad, velocidad y capacidad para generar peligro en el \u00e1rea rival. Gracias a su rendimiento en las divisiones inferiores, el delantero logr\u00f3 llamar la atenci\u00f3n del cuerpo t\u00e9cnico del primer equipo, lo que finalmente le abri\u00f3 la puerta para formar parte de la convocatoria en un partido oficial.<\/p>\n\n\n\n<figure class=\"wp-block-image size-full\"><img loading=\"lazy\" decoding=\"async\" width=\"700\" height=\"250\" src=\"https:\/\/antiguaesportiva.com\/revista\/wp-content\/uploads\/2025\/12\/Banners-web.png\" alt=\"\" class=\"wp-image-11084\" srcset=\"https:\/\/antiguaesportiva.com\/revista\/wp-content\/uploads\/2025\/12\/Banners-web.png 700w, https:\/\/antiguaesportiva.com\/revista\/wp-content\/uploads\/2025\/12\/Banners-web-300x107.png 300w, https:\/\/antiguaesportiva.com\/revista\/wp-content\/uploads\/2025\/12\/Banners-web-554x198.png 554w\" sizes=\"auto, (max-width: 700px) 100vw, 700px\" \/><\/figure>\n\n\n\n<h2 class=\"wp-block-heading\">La ilusi\u00f3n de un posible debut<\/h2>\n\n\n\n<p>El joven atacante podr\u00eda tener la oportunidad de debutar  en el encuentro ante Cob\u00e1n Imperial, dependiendo de las necesidades del partido. De concretarse, ser\u00eda un momento especial en su corta pero prometedora carrera. Para Loarca, esta convocatoria representa un paso importante en su desarrollo futbol\u00edstico y una motivaci\u00f3n para seguir trabajando con disciplina y compromiso, con la ilusi\u00f3n de consolidarse en el f\u00fatbol profesional.<\/p>\n\n\n\n<p><\/p>\n","protected":false},"excerpt":{"rendered":"<p>El delantero guatemalteco Aron Emiliano Loarca, de tan solo 16 a\u00f1os, se convierte en una de las principales novedades en la convocatoria del equipo mayor. El joven atacante, originario de San Juan Sacatep\u00e9quez, ha sido tomado en cuenta por el cuerpo t\u00e9cnico como una opci\u00f3n para el compromiso de ma\u00f1ana. Su inclusi\u00f3n en la lista [&hellip;]<\/p>\n","protected":false},"author":9,"featured_media":11975,"comment_status":"closed","ping_status":"closed","sticky":false,"template":"","format":"standard","meta":{"footnotes":""},"categories":[29],"tags":[47,45,1488,56,55,1361],"class_list":["post-12356","post","type-post","status-publish","format-standard","has-post-thumbnail","hentry","category-antigua-gfc","tag-antigua-esportiva","tag-antigua-gfc","tag-debut-torneo-clausura-2026","tag-liga-nacional","tag-liga-nacional-de-futbol-de-guatemala","tag-torneo-clausura-2026"],"_links":{"self":[{"href":"https:\/\/antiguaesportiva.com\/revista\/wp-json\/wp\/v2\/posts\/12356","targetHints":{"allow":["GET"]}}],"collection":[{"href":"https:\/\/antiguaesportiva.com\/revista\/wp-json\/wp\/v2\/posts"}],"about":[{"href":"https:\/\/antiguaesportiva.com\/revista\/wp-json\/wp\/v2\/types\/post"}],"author":[{"embeddable":true,"href":"https:\/\/antiguaesportiva.com\/revista\/wp-json\/wp\/v2\/users\/9"}],"replies":[{"embeddable":true,"href":"https:\/\/antiguaesportiva.com\/revista\/wp-json\/wp\/v2\/comments?post=12356"}],"version-history":[{"count":2,"href":"https:\/\/antiguaesportiva.com\/revista\/wp-json\/wp\/v2\/posts\/12356\/revisions"}],"predecessor-version":[{"id":12358,"href":"https:\/\/antiguaesportiva.com\/revista\/wp-json\/wp\/v2\/posts\/12356\/revisions\/12358"}],"wp:featuredmedia":[{"embeddable":true,"href":"https:\/\/antiguaesportiva.com\/revista\/wp-json\/wp\/v2\/media\/11975"}],"wp:attachment":[{"href":"https:\/\/antiguaesportiva.com\/revista\/wp-json\/wp\/v2\/media?parent=12356"}],"wp:term":[{"taxonomy":"category","embeddable":true,"href":"https:\/\/antiguaesportiva.com\/revista\/wp-json\/wp\/v2\/categories?post=12356"},{"taxonomy":"post_tag","embeddable":true,"href":"https:\/\/antiguaesportiva.com\/revista\/wp-json\/wp\/v2\/tags?post=12356"}],"curies":[{"name":"wp","href":"https:\/\/api.w.org\/{rel}","templated":true}]}}