{"id":12150,"date":"2026-02-28T11:48:29","date_gmt":"2026-02-28T17:48:29","guid":{"rendered":"https:\/\/antiguaesportiva.com\/revista\/?p=12150"},"modified":"2026-02-28T11:48:30","modified_gmt":"2026-02-28T17:48:30","slug":"barcelona-exhibe-autoridad-ante-el-villarreal-y-mira-con-ambicion-la-remontada-ante-el-atletico","status":"publish","type":"post","link":"https:\/\/antiguaesportiva.com\/revista\/2026\/02\/28\/barcelona-exhibe-autoridad-ante-el-villarreal-y-mira-con-ambicion-la-remontada-ante-el-atletico\/","title":{"rendered":"Barcelona exhibe autoridad ante el Villarreal y mira con ambici\u00f3n la remontada ante el Atl\u00e9tico"},"content":{"rendered":"\n<p>El <strong>FC Barcelona<\/strong> brind\u00f3 una actuaci\u00f3n dominante este s\u00e1bado en el <strong>Spotify Camp Nou<\/strong>, donde derrot\u00f3 por un contundente <strong>4-1 al Villarreal<\/strong> en la jornada 26 de <strong>LaLiga 2025-26<\/strong>, consolidando su liderazgo en la competencia y generando un fuerte impulso an\u00edmico de cara al desaf\u00edo clave de mitad de semana en la <strong>Copa del Rey<\/strong> contra el <strong>Atl\u00e9tico de Madrid<\/strong>.<\/p>\n\n\n\n<p>El partido fue un claro reflejo de la superioridad cul\u00e9, con una actuaci\u00f3n sobresaliente del joven prodigio <strong>Lamine Yamal<\/strong>, autor de un <strong>hat-trick<\/strong> (el primero de su historia) que marc\u00f3 la diferencia en el marcador y confirm\u00f3 su enorme crecimiento esta temporada. Adem\u00e1s, el Barcelona se mostr\u00f3 eficaz en la \u00faltima l\u00ednea y creativo en el mediocampo, siendo capaz de imponer su ritmo ante un Villarreal que, pese a algunas intentonas, nunca logr\u00f3 imponer su juego.<\/p>\n\n\n\n<h5 class=\"wp-block-heading\">Mister Chip en sus redes hizo referencia al Hat-trick <\/h5>\n\n\n\n<figure class=\"wp-block-embed is-type-rich is-provider-twitter wp-block-embed-twitter\"><div class=\"wp-block-embed__wrapper\">\n<blockquote class=\"twitter-tweet\" data-width=\"550\" data-dnt=\"true\"><p lang=\"es\" dir=\"ltr\">El primer hat-trick de Lamine Yamal llega el 28 de febrero de 2026, con 18 a\u00f1os y 230 d\u00edas.<br><br>El primer hat-trick de Messi lleg\u00f3 el 10 de marzo de 2007, con 19 a\u00f1os y 259 d\u00edas. Dos a\u00f1os m\u00e1s tarde (el d\u00eda del 2-6), Messi se convirti\u00f3 en un jugador de gol por partido.<\/p>&mdash; MisterChip (Alexis) (@2010MisterChip) <a href=\"https:\/\/twitter.com\/2010MisterChip\/status\/2027790393991934005?ref_src=twsrc%5Etfw\">February 28, 2026<\/a><\/blockquote><script async src=\"https:\/\/platform.twitter.com\/widgets.js\" charset=\"utf-8\"><\/script>\n<\/div><\/figure>\n\n\n\n<p>Esta victoria no solo ratifica el buen momento de los dirigidos por <strong>Hansi Flick<\/strong>, sino que tambi\u00e9n fortalece su posici\u00f3n en la tabla de LaLiga, donde mantienen una ventaja importante sobre sus perseguidores directos. La contundencia en la victoria supone adem\u00e1s un peque\u00f1o b\u00e1lsamo tras el duro golpe que signific\u00f3 la derrota por <strong>4-0 ante el Atl\u00e9tico de Madrid en la ida de las semifinales de la Copa del Rey<\/strong>.<\/p>\n\n\n\n<figure class=\"wp-block-image size-full\"><a href=\"https:\/\/www.tiktok.com\/@vangoogt\/photo\/7605047097959795986?is_from_webapp=1&amp;sender_device=pc&amp;web_id=7559732719241414156\" target=\"_blank\" rel=\" noreferrer noopener\"><img loading=\"lazy\" decoding=\"async\" width=\"700\" height=\"250\" src=\"https:\/\/antiguaesportiva.com\/revista\/wp-content\/uploads\/2025\/12\/Banners-web.png\" alt=\"\" class=\"wp-image-11084\" srcset=\"https:\/\/antiguaesportiva.com\/revista\/wp-content\/uploads\/2025\/12\/Banners-web.png 700w, https:\/\/antiguaesportiva.com\/revista\/wp-content\/uploads\/2025\/12\/Banners-web-300x107.png 300w, https:\/\/antiguaesportiva.com\/revista\/wp-content\/uploads\/2025\/12\/Banners-web-554x198.png 554w\" sizes=\"auto, (max-width: 700px) 100vw, 700px\" \/><\/a><\/figure>\n\n\n\n<h3 class=\"wp-block-heading\"><strong>Reacci\u00f3n internacional y vigencia del proyecto<\/strong><\/h3>\n\n\n\n<p>Los medios internacionales destacaron el rendimiento colectivo del Barcelona y la explosi\u00f3n de Yamal como uno de los acontecimientos futbol\u00edsticos del a\u00f1o. Desde distintos portales europeos se ensalz\u00f3 la mezcla de juventud y experiencia del equipo, que ha encontrado un estilo s\u00f3lido a pesar de las bajas por lesi\u00f3n en momentos clave de la temporada. Adem\u00e1s, la victoria ante el Villarreal fue vista como un <strong>mensaje de confianza<\/strong> antes de afrontar la complicada eliminatoria copera frente al Atl\u00e9tico.<\/p>\n\n\n\n<h3 class=\"wp-block-heading\"><strong>La encrucijada copera ante el Atl\u00e9tico<\/strong><\/h3>\n\n\n\n<p>Con el duelo de vuelta de <strong>semifinales de la Copa del Rey<\/strong> programado para el pr\u00f3ximo martes, el Bar\u00e7a encara una situaci\u00f3n desafiante: revertir un marcador adverso de cuatro goles. El t\u00e9cnico Hansi Flick, consciente de la magnitud del reto, ha reforzado la idea de creer en la capacidad del equipo para dar la vuelta a la eliminatoria, subrayando que \u00abno es imposible\u00bb lograr la remontada pese a la ventaja del conjunto colchonero.<\/p>\n\n\n\n<p>En declaraciones a medios del club, jugadores como <strong>Raphinha<\/strong> tambi\u00e9n han expresado su confianza en las posibilidades de su plantilla, destacando la fortaleza interna del grupo y la ambici\u00f3n de competir por todos los t\u00edtulos en juego.<\/p>\n\n\n\n<p>La s\u00edntesis de la victoria sobre el Villarreal con la exigencia que representa el Atl\u00e9tico de Madrid deja al Barcelona en un momento clave de la temporada: con el liderato liguero como objetivo prioritario y una batalla copera que podr\u00eda catapultar al equipo hacia una din\u00e1mica triunfal de cara a la recta final del curso.<\/p>\n","protected":false},"excerpt":{"rendered":"<p>El FC Barcelona brind\u00f3 una actuaci\u00f3n dominante este s\u00e1bado en el Spotify Camp Nou, donde derrot\u00f3 por un contundente 4-1 al Villarreal en la jornada 26 de LaLiga 2025-26, consolidando su liderazgo en la competencia y generando un fuerte impulso an\u00edmico de cara al desaf\u00edo clave de mitad de semana en la Copa del Rey [&hellip;]<\/p>\n","protected":false},"author":1,"featured_media":12151,"comment_status":"closed","ping_status":"closed","sticky":false,"template":"","format":"standard","meta":{"footnotes":""},"categories":[36],"tags":[47,1619,258,1620,1622,1623],"class_list":["post-12150","post","type-post","status-publish","format-standard","has-post-thumbnail","hentry","category-futbol-internacional","tag-antigua-esportiva","tag-barcelola-golea-al-villareal","tag-barcelona","tag-hat-trick-yamal","tag-mister-chip","tag-remontada-al-atletico-de-madrid"],"_links":{"self":[{"href":"https:\/\/antiguaesportiva.com\/revista\/wp-json\/wp\/v2\/posts\/12150","targetHints":{"allow":["GET"]}}],"collection":[{"href":"https:\/\/antiguaesportiva.com\/revista\/wp-json\/wp\/v2\/posts"}],"about":[{"href":"https:\/\/antiguaesportiva.com\/revista\/wp-json\/wp\/v2\/types\/post"}],"author":[{"embeddable":true,"href":"https:\/\/antiguaesportiva.com\/revista\/wp-json\/wp\/v2\/users\/1"}],"replies":[{"embeddable":true,"href":"https:\/\/antiguaesportiva.com\/revista\/wp-json\/wp\/v2\/comments?post=12150"}],"version-history":[{"count":1,"href":"https:\/\/antiguaesportiva.com\/revista\/wp-json\/wp\/v2\/posts\/12150\/revisions"}],"predecessor-version":[{"id":12152,"href":"https:\/\/antiguaesportiva.com\/revista\/wp-json\/wp\/v2\/posts\/12150\/revisions\/12152"}],"wp:featuredmedia":[{"embeddable":true,"href":"https:\/\/antiguaesportiva.com\/revista\/wp-json\/wp\/v2\/media\/12151"}],"wp:attachment":[{"href":"https:\/\/antiguaesportiva.com\/revista\/wp-json\/wp\/v2\/media?parent=12150"}],"wp:term":[{"taxonomy":"category","embeddable":true,"href":"https:\/\/antiguaesportiva.com\/revista\/wp-json\/wp\/v2\/categories?post=12150"},{"taxonomy":"post_tag","embeddable":true,"href":"https:\/\/antiguaesportiva.com\/revista\/wp-json\/wp\/v2\/tags?post=12150"}],"curies":[{"name":"wp","href":"https:\/\/api.w.org\/{rel}","templated":true}]}}