{"id":11966,"date":"2026-02-16T12:27:55","date_gmt":"2026-02-16T18:27:55","guid":{"rendered":"https:\/\/antiguaesportiva.com\/revista\/?p=11966"},"modified":"2026-02-16T12:27:56","modified_gmt":"2026-02-16T18:27:56","slug":"xelaju-busca-estabilidad-en-medio-de-la-exigencia-del-torneo","status":"publish","type":"post","link":"https:\/\/antiguaesportiva.com\/revista\/2026\/02\/16\/xelaju-busca-estabilidad-en-medio-de-la-exigencia-del-torneo\/","title":{"rendered":"Xelaj\u00fa busca estabilidad en medio de la exigencia del torneo"},"content":{"rendered":"\n<h2 class=\"wp-block-heading\">Hern\u00e1ndez analiza el momento del equipo<\/h2>\n\n\n\n<p>El director t\u00e9cnico de Xelaj\u00fa MC, Roberto Hern\u00e1ndez, realiz\u00f3 una evaluaci\u00f3n del presente que atraviesa el conjunto altense, marcado por la seguidilla de partidos y la necesidad de mantener competitividad en el campeonato.<\/p>\n\n\n\n<p>El estratega reconoce que el equipo ha tenido que adaptarse a un calendario apretado, en el que la recuperaci\u00f3n f\u00edsica y la gesti\u00f3n del plantel se han vuelto factores determinantes para sostener el rendimiento en cada jornada.<\/p>\n\n\n\n<figure class=\"wp-block-image size-full is-resized\"><img loading=\"lazy\" decoding=\"async\" width=\"700\" height=\"250\" src=\"https:\/\/antiguaesportiva.com\/revista\/wp-content\/uploads\/2025\/12\/Banners-web.png\" alt=\"\" class=\"wp-image-11084\" style=\"width:470px;height:auto\" srcset=\"https:\/\/antiguaesportiva.com\/revista\/wp-content\/uploads\/2025\/12\/Banners-web.png 700w, https:\/\/antiguaesportiva.com\/revista\/wp-content\/uploads\/2025\/12\/Banners-web-300x107.png 300w, https:\/\/antiguaesportiva.com\/revista\/wp-content\/uploads\/2025\/12\/Banners-web-554x198.png 554w\" sizes=\"auto, (max-width: 700px) 100vw, 700px\" \/><\/figure>\n\n\n\n<h2 class=\"wp-block-heading\">El triunfo como impulso an\u00edmico<\/h2>\n\n\n\n<p>Dentro de este contexto, el reciente resultado positivo represent\u00f3 m\u00e1s que tres puntos. Para el cuerpo t\u00e9cnico, signific\u00f3 una oportunidad para recuperar confianza y reforzar el camino en la tabla de posiciones.<\/p>\n\n\n\n<p>El equipo ven\u00eda enfrentando presi\u00f3n por el avance de otros rivales, por lo que volver a sumar de forma clara permiti\u00f3 fortalecer el \u00e1nimo interno y mantener vivas sus aspiraciones.<\/p>\n\n\n\n<figure class=\"wp-block-image size-full is-resized\"><img loading=\"lazy\" decoding=\"async\" width=\"700\" height=\"250\" src=\"https:\/\/antiguaesportiva.com\/revista\/wp-content\/uploads\/2025\/12\/fisiocas-web.png\" alt=\"\" class=\"wp-image-11081\" style=\"width:524px;height:auto\" srcset=\"https:\/\/antiguaesportiva.com\/revista\/wp-content\/uploads\/2025\/12\/fisiocas-web.png 700w, https:\/\/antiguaesportiva.com\/revista\/wp-content\/uploads\/2025\/12\/fisiocas-web-300x107.png 300w, https:\/\/antiguaesportiva.com\/revista\/wp-content\/uploads\/2025\/12\/fisiocas-web-554x198.png 554w\" sizes=\"auto, (max-width: 700px) 100vw, 700px\" \/><\/figure>\n\n\n\n<h2 class=\"wp-block-heading\">Ajustes necesarios en el juego<\/h2>\n\n\n\n<p>M\u00e1s all\u00e1 de la carga de partidos, el cuerpo t\u00e9cnico considera que existen aspectos que deben corregirse, especialmente en momentos de concentraci\u00f3n durante los encuentros.<\/p>\n\n\n\n<p>El equipo mostr\u00f3 lapsos de dominio, pero tambi\u00e9n fases en las que permiti\u00f3 que el rival tomara protagonismo, situaci\u00f3n que obliga a reforzar la atenci\u00f3n t\u00e1ctica para evitar complicaciones en partidos futuros.<\/p>\n\n\n\n<h2 class=\"wp-block-heading\">La respuesta de los j\u00f3venes<\/h2>\n\n\n\n<p>Ante el desgaste del plantel, algunos futbolistas con menor recorrido han comenzado a sumar protagonismo, aportando frescura y alternativas dentro del esquema.<\/p>\n\n\n\n<p>Uno de los nombres que ha comenzado a destacar es el de Ricardo M\u00e1rquez, quien contin\u00faa en proceso de adaptaci\u00f3n al ritmo de la competencia.<\/p>\n\n\n\n<h2 class=\"wp-block-heading\">Un equipo en construcci\u00f3n<\/h2>\n\n\n\n<p>En medio del exigente calendario, Xelaj\u00fa MC contin\u00faa trabajando para consolidar su funcionamiento colectivo. La falta de tiempo para entrenamientos completos ha obligado a priorizar la recuperaci\u00f3n y el enfoque t\u00e1ctico en cada compromiso.<\/p>\n\n\n\n<p>Con la mirada puesta en los primeros lugares, el conjunto altense enfrenta el reto de sostener su nivel en un torneo que no da tregua, mientras espera noticias sobre la evoluci\u00f3n de su capit\u00e1n y busca fortalecer su rendimiento partido a partido.<\/p>\n","protected":false},"excerpt":{"rendered":"<p>Hern\u00e1ndez analiza el momento del equipo El director t\u00e9cnico de Xelaj\u00fa MC, Roberto Hern\u00e1ndez, realiz\u00f3 una evaluaci\u00f3n del presente que atraviesa el conjunto altense, marcado por la seguidilla de partidos y la necesidad de mantener competitividad en el campeonato. El estratega reconoce que el equipo ha tenido que adaptarse a un calendario apretado, en el [&hellip;]<\/p>\n","protected":false},"author":9,"featured_media":11679,"comment_status":"closed","ping_status":"closed","sticky":false,"template":"","format":"standard","meta":{"footnotes":""},"categories":[31],"tags":[47,56,55,663,1361,1239],"class_list":["post-11966","post","type-post","status-publish","format-standard","has-post-thumbnail","hentry","category-liga-nacional","tag-antigua-esportiva","tag-liga-nacional","tag-liga-nacional-de-futbol-de-guatemala","tag-roberto-hernandez","tag-torneo-clausura-2026","tag-xelaju-mc-2"],"_links":{"self":[{"href":"https:\/\/antiguaesportiva.com\/revista\/wp-json\/wp\/v2\/posts\/11966","targetHints":{"allow":["GET"]}}],"collection":[{"href":"https:\/\/antiguaesportiva.com\/revista\/wp-json\/wp\/v2\/posts"}],"about":[{"href":"https:\/\/antiguaesportiva.com\/revista\/wp-json\/wp\/v2\/types\/post"}],"author":[{"embeddable":true,"href":"https:\/\/antiguaesportiva.com\/revista\/wp-json\/wp\/v2\/users\/9"}],"replies":[{"embeddable":true,"href":"https:\/\/antiguaesportiva.com\/revista\/wp-json\/wp\/v2\/comments?post=11966"}],"version-history":[{"count":1,"href":"https:\/\/antiguaesportiva.com\/revista\/wp-json\/wp\/v2\/posts\/11966\/revisions"}],"predecessor-version":[{"id":11967,"href":"https:\/\/antiguaesportiva.com\/revista\/wp-json\/wp\/v2\/posts\/11966\/revisions\/11967"}],"wp:featuredmedia":[{"embeddable":true,"href":"https:\/\/antiguaesportiva.com\/revista\/wp-json\/wp\/v2\/media\/11679"}],"wp:attachment":[{"href":"https:\/\/antiguaesportiva.com\/revista\/wp-json\/wp\/v2\/media?parent=11966"}],"wp:term":[{"taxonomy":"category","embeddable":true,"href":"https:\/\/antiguaesportiva.com\/revista\/wp-json\/wp\/v2\/categories?post=11966"},{"taxonomy":"post_tag","embeddable":true,"href":"https:\/\/antiguaesportiva.com\/revista\/wp-json\/wp\/v2\/tags?post=11966"}],"curies":[{"name":"wp","href":"https:\/\/api.w.org\/{rel}","templated":true}]}}