{"id":11918,"date":"2026-02-13T12:22:00","date_gmt":"2026-02-13T18:22:00","guid":{"rendered":"https:\/\/antiguaesportiva.com\/revista\/?p=11918"},"modified":"2026-02-13T12:22:01","modified_gmt":"2026-02-13T18:22:01","slug":"xelaju-queda-fuera-de-la-concacaf-tras-caer-ante-monterrey","status":"publish","type":"post","link":"https:\/\/antiguaesportiva.com\/revista\/2026\/02\/13\/xelaju-queda-fuera-de-la-concacaf-tras-caer-ante-monterrey\/","title":{"rendered":"Xelaj\u00fa queda fuera de la Concacaf tras caer ante Monterrey"},"content":{"rendered":"\n<h2 class=\"wp-block-heading\">El sue\u00f1o internacional termina ante un rival de peso<\/h2>\n\n\n\n<p class=\"wp-block-paragraph\">La participaci\u00f3n de Xelaj\u00fa MC en la Copa de Campeones de la Concacaf lleg\u00f3 a su fin luego de ser superado en la serie por Monterrey, que sell\u00f3 su clasificaci\u00f3n con un marcador global de 3-1. El conjunto guatemalteco luch\u00f3 en ambos compromisos, pero la jerarqu\u00eda del equipo regiomontano termin\u00f3 marcando diferencia en momentos clave de la eliminatoria.<\/p>\n\n\n\n<hr class=\"wp-block-separator has-alpha-channel-opacity\"\/>\n\n\n\n<figure class=\"wp-block-image size-full is-resized\"><img loading=\"lazy\" decoding=\"async\" width=\"700\" height=\"250\" src=\"https:\/\/antiguaesportiva.com\/revista\/wp-content\/uploads\/2025\/12\/fisiocas-web.png\" alt=\"\" class=\"wp-image-11081\" style=\"width:459px;height:auto\" srcset=\"https:\/\/antiguaesportiva.com\/revista\/wp-content\/uploads\/2025\/12\/fisiocas-web.png 700w, https:\/\/antiguaesportiva.com\/revista\/wp-content\/uploads\/2025\/12\/fisiocas-web-300x107.png 300w, https:\/\/antiguaesportiva.com\/revista\/wp-content\/uploads\/2025\/12\/fisiocas-web-554x198.png 554w\" sizes=\"auto, (max-width: 700px) 100vw, 700px\" \/><\/figure>\n\n\n\n<h2 class=\"wp-block-heading\">C\u00e1rdenas rescata el aprendizaje del torneo<\/h2>\n\n\n\n<p class=\"wp-block-paragraph\">Tras el encuentro, el delantero costarricense Steven C\u00e1rdenas comparti\u00f3 sus sensaciones luego de la eliminaci\u00f3n. M\u00e1s all\u00e1 del resultado adverso, el atacante destac\u00f3 el valor de haber competido en un escenario internacional de alto nivel. El futbolista reconoci\u00f3 que enfrentar a un rival de la talla de Monterrey represent\u00f3 una experiencia significativa para el grupo, especialmente para quienes disputaban este tipo de torneo por primera vez.<\/p>\n\n\n\n<hr class=\"wp-block-separator has-alpha-channel-opacity\"\/>\n\n\n\n<h2 class=\"wp-block-heading\">Un segundo tiempo con reacci\u00f3n, pero insuficiente<\/h2>\n\n\n\n<p class=\"wp-block-paragraph\">C\u00e1rdenas se\u00f1al\u00f3 que el equipo logr\u00f3 mejorar su desempe\u00f1o tras el descanso, ajustando la presi\u00f3n y mostrando una versi\u00f3n m\u00e1s cercana a la idea de juego que buscaban imponer. Sin embargo, el esfuerzo no fue suficiente para revertir la serie. La diferencia obtenida por los mexicanos termin\u00f3 siendo determinante para el desenlace de la eliminatoria.<\/p>\n\n\n\n<figure class=\"wp-block-image size-full is-resized\"><img loading=\"lazy\" decoding=\"async\" width=\"700\" height=\"250\" src=\"https:\/\/antiguaesportiva.com\/revista\/wp-content\/uploads\/2025\/12\/Banners-web.png\" alt=\"\" class=\"wp-image-11084\" style=\"width:574px;height:auto\" srcset=\"https:\/\/antiguaesportiva.com\/revista\/wp-content\/uploads\/2025\/12\/Banners-web.png 700w, https:\/\/antiguaesportiva.com\/revista\/wp-content\/uploads\/2025\/12\/Banners-web-300x107.png 300w, https:\/\/antiguaesportiva.com\/revista\/wp-content\/uploads\/2025\/12\/Banners-web-554x198.png 554w\" sizes=\"auto, (max-width: 700px) 100vw, 700px\" \/><\/figure>\n\n\n\n<hr class=\"wp-block-separator has-alpha-channel-opacity\"\/>\n\n\n\n<h2 class=\"wp-block-heading\">La mirada puesta en el futuro<\/h2>\n\n\n\n<p class=\"wp-block-paragraph\">El atacante dej\u00f3 claro que el objetivo ahora ser\u00e1 seguir creciendo y trabajar para regresar a este tipo de competencias. Considera que el f\u00fatbol guatemalteco contin\u00faa evolucionando y que experiencias como esta contribuyen al desarrollo colectivo. Con la p\u00e1gina internacional cerrada, Xelaj\u00fa volver\u00e1 a enfocarse en el torneo local, donde buscar\u00e1 recomponer el camino y mantener su protagonismo en la competencia dom\u00e9stica.<\/p>\n","protected":false},"excerpt":{"rendered":"<p>El sue\u00f1o internacional termina ante un rival de peso La participaci\u00f3n de Xelaj\u00fa MC en la Copa de Campeones de la Concacaf lleg\u00f3 a su fin luego de ser superado en la serie por Monterrey, que sell\u00f3 su clasificaci\u00f3n con un marcador global de 3-1. El conjunto guatemalteco luch\u00f3 en ambos compromisos, pero la jerarqu\u00eda [&hellip;]<\/p>\n","protected":false},"author":9,"featured_media":11919,"comment_status":"closed","ping_status":"closed","sticky":false,"template":"","format":"standard","meta":{"footnotes":""},"categories":[31],"tags":[47,138,291,55,1167,1239],"class_list":["post-11918","post","type-post","status-publish","format-standard","has-post-thumbnail","hentry","category-liga-nacional","tag-antigua-esportiva","tag-concacaf-champions","tag-guatemala","tag-liga-nacional-de-futbol-de-guatemala","tag-steven-cardenas","tag-xelaju-mc-2"],"_links":{"self":[{"href":"https:\/\/antiguaesportiva.com\/revista\/wp-json\/wp\/v2\/posts\/11918","targetHints":{"allow":["GET"]}}],"collection":[{"href":"https:\/\/antiguaesportiva.com\/revista\/wp-json\/wp\/v2\/posts"}],"about":[{"href":"https:\/\/antiguaesportiva.com\/revista\/wp-json\/wp\/v2\/types\/post"}],"author":[{"embeddable":true,"href":"https:\/\/antiguaesportiva.com\/revista\/wp-json\/wp\/v2\/users\/9"}],"replies":[{"embeddable":true,"href":"https:\/\/antiguaesportiva.com\/revista\/wp-json\/wp\/v2\/comments?post=11918"}],"version-history":[{"count":1,"href":"https:\/\/antiguaesportiva.com\/revista\/wp-json\/wp\/v2\/posts\/11918\/revisions"}],"predecessor-version":[{"id":11920,"href":"https:\/\/antiguaesportiva.com\/revista\/wp-json\/wp\/v2\/posts\/11918\/revisions\/11920"}],"wp:featuredmedia":[{"embeddable":true,"href":"https:\/\/antiguaesportiva.com\/revista\/wp-json\/wp\/v2\/media\/11919"}],"wp:attachment":[{"href":"https:\/\/antiguaesportiva.com\/revista\/wp-json\/wp\/v2\/media?parent=11918"}],"wp:term":[{"taxonomy":"category","embeddable":true,"href":"https:\/\/antiguaesportiva.com\/revista\/wp-json\/wp\/v2\/categories?post=11918"},{"taxonomy":"post_tag","embeddable":true,"href":"https:\/\/antiguaesportiva.com\/revista\/wp-json\/wp\/v2\/tags?post=11918"}],"curies":[{"name":"wp","href":"https:\/\/api.w.org\/{rel}","templated":true}]}}