{"id":11800,"date":"2026-02-04T13:08:41","date_gmt":"2026-02-04T19:08:41","guid":{"rendered":"https:\/\/antiguaesportiva.com\/revista\/?p=11800"},"modified":"2026-02-04T13:16:32","modified_gmt":"2026-02-04T19:16:32","slug":"11800","status":"publish","type":"post","link":"https:\/\/antiguaesportiva.com\/revista\/2026\/02\/04\/11800\/","title":{"rendered":"Dura ca\u00edda de Cartagin\u00e9s: Sporting FC impone su superioridad en la ida de la Copa"},"content":{"rendered":"\n<h3 class=\"wp-block-heading\">Golpe crudo para el equipo de Amarini Villatoro en Costa Rica<\/h3>\n\n\n\n<p>En un duelo que marc\u00f3 el inicio de la serie de cuartos de final de la Copa de Costa Rica, Cartagin\u00e9s, dirigido por el t\u00e9cnico guatemalteco Amarini Villatoro, sufri\u00f3 una derrota contundente por 4-1 ante Sporting FC en el juego de ida disputado en territorio costarricense, dejando al conjunto brumoso al borde de la eliminaci\u00f3n en el certamen copero. La diferencia en el marcador fue significativa y reflej\u00f3 un partido donde Sporting fue m\u00e1s efectivo tanto en la definici\u00f3n como en el control de las acciones ofensivas, mientras que Cartagin\u00e9s tuvo dificultades para imponer su ritmo de juego, especialmente en los momentos decisivos del encuentro.<\/p>\n\n\n\n<figure class=\"wp-block-image size-full is-resized\"><img loading=\"lazy\" decoding=\"async\" width=\"700\" height=\"250\" src=\"https:\/\/antiguaesportiva.com\/revista\/wp-content\/uploads\/2025\/12\/Banners-web.png\" alt=\"\" class=\"wp-image-11084\" style=\"width:479px;height:auto\" srcset=\"https:\/\/antiguaesportiva.com\/revista\/wp-content\/uploads\/2025\/12\/Banners-web.png 700w, https:\/\/antiguaesportiva.com\/revista\/wp-content\/uploads\/2025\/12\/Banners-web-300x107.png 300w, https:\/\/antiguaesportiva.com\/revista\/wp-content\/uploads\/2025\/12\/Banners-web-554x198.png 554w\" sizes=\"auto, (max-width: 700px) 100vw, 700px\" \/><\/figure>\n\n\n\n<h3 class=\"wp-block-heading\">Amarini Villatoro: un estratega bajo presi\u00f3n tras el resultado<\/h3>\n\n\n\n<p>La derrota representa un desaf\u00edo importante para Amarini Villatoro, quien lleg\u00f3 a Cartagin\u00e9s con el objetivo de consolidar un proyecto ambicioso en el f\u00fatbol costarricense, tras su trayectoria exitosa en Guatemala y su reciente presentaci\u00f3n en el club brumoso como nuevo director t\u00e9cnico. Desde su llegada, Villatoro fue destacado por su visi\u00f3n t\u00e1ctica y su liderazgo, buscando inculcar disciplina y un estilo de juego s\u00f3lido que ya hab\u00eda dado frutos en el Torneo de Clausura nacional, donde Cartagin\u00e9s mostr\u00f3 un arranque competitivo bajo su mando.<\/p>\n\n\n\n<figure class=\"wp-block-image size-large is-resized\"><img loading=\"lazy\" decoding=\"async\" width=\"723\" height=\"1024\" src=\"https:\/\/antiguaesportiva.com\/revista\/wp-content\/uploads\/2025\/10\/IFS-carreras25@4x-723x1024.png\" alt=\"\" class=\"wp-image-10079\" style=\"aspect-ratio:0.7060609759819331;width:448px;height:auto\" srcset=\"https:\/\/antiguaesportiva.com\/revista\/wp-content\/uploads\/2025\/10\/IFS-carreras25@4x-723x1024.png 723w, https:\/\/antiguaesportiva.com\/revista\/wp-content\/uploads\/2025\/10\/IFS-carreras25@4x-212x300.png 212w, https:\/\/antiguaesportiva.com\/revista\/wp-content\/uploads\/2025\/10\/IFS-carreras25@4x-768x1087.png 768w, https:\/\/antiguaesportiva.com\/revista\/wp-content\/uploads\/2025\/10\/IFS-carreras25@4x-554x784.png 554w, https:\/\/antiguaesportiva.com\/revista\/wp-content\/uploads\/2025\/10\/IFS-carreras25@4x.png 1000w\" sizes=\"auto, (max-width: 723px) 100vw, 723px\" \/><\/figure>\n\n\n\n<h3 class=\"wp-block-heading\">Reacci\u00f3n necesaria: la vuelta de la serie y la mirada hacia adelante<\/h3>\n\n\n\n<p>Con el marcador adverso en contra, el panorama obliga a Cartagin\u00e9s y a Villatoro a plantear una estrategia de reacci\u00f3n para el partido de vuelta programado en el estadio Fello Meza, donde el conjunto blanquiazul deber\u00e1 encontrar soluciones ofensivas y mayor solidez defensiva si pretende revertir la serie. La eliminaci\u00f3n a\u00fan no est\u00e1 consumada, pero el marco actual exige una actuaci\u00f3n mucho m\u00e1s incisiva y cohesionada del equipo para aspirar a una remontada que se presenta compleja ante un rival con efectividad probada.<\/p>\n\n\n\n<h3 class=\"wp-block-heading\">Im\u00e1genes del presente y retos del entrenador guatemalteco<\/h3>\n\n\n\n<p>El contexto de la derrota copera se suma a un panorama competitivo en el \u00e1mbito nacional, donde Cartagin\u00e9s tambi\u00e9n ha mostrado altibajos, aunque con destellos de solidez que llevaron al club a liderar posiciones en el torneo local bajo la tutela de Villatoro. Este resultado golpea no solo la moral del plantel sino tambi\u00e9n pone en tela de juicio algunas decisiones t\u00e1cticas, obligando al estratega guatemalteco a replantear enfoques para mantener la cohesi\u00f3n del grupo y recuperar el rumbo en ambas competiciones. La expectativa ahora se centra en c\u00f3mo el t\u00e9cnico, con su experiencia y car\u00e1cter, lograr\u00e1 consolidar un equipo capaz de superar las adversidades y responder con car\u00e1cter en la pr\u00f3xima semana.<\/p>\n","protected":false},"excerpt":{"rendered":"<p>Golpe crudo para el equipo de Amarini Villatoro en Costa Rica En un duelo que marc\u00f3 el inicio de la serie de cuartos de final de la Copa de Costa Rica, Cartagin\u00e9s, dirigido por el t\u00e9cnico guatemalteco Amarini Villatoro, sufri\u00f3 una derrota contundente por 4-1 ante Sporting FC en el juego de ida disputado en [&hellip;]<\/p>\n","protected":false},"author":9,"featured_media":10983,"comment_status":"closed","ping_status":"closed","sticky":false,"template":"","format":"standard","meta":{"footnotes":""},"categories":[36],"tags":[47,191,1318,291,1307,55],"class_list":["post-11800","post","type-post","status-publish","format-standard","has-post-thumbnail","hentry","category-futbol-internacional","tag-antigua-esportiva","tag-cs-cartagines","tag-dt-amarini-villatoro","tag-guatemala","tag-guatemala-en-costa-rica","tag-liga-nacional-de-futbol-de-guatemala"],"_links":{"self":[{"href":"https:\/\/antiguaesportiva.com\/revista\/wp-json\/wp\/v2\/posts\/11800","targetHints":{"allow":["GET"]}}],"collection":[{"href":"https:\/\/antiguaesportiva.com\/revista\/wp-json\/wp\/v2\/posts"}],"about":[{"href":"https:\/\/antiguaesportiva.com\/revista\/wp-json\/wp\/v2\/types\/post"}],"author":[{"embeddable":true,"href":"https:\/\/antiguaesportiva.com\/revista\/wp-json\/wp\/v2\/users\/9"}],"replies":[{"embeddable":true,"href":"https:\/\/antiguaesportiva.com\/revista\/wp-json\/wp\/v2\/comments?post=11800"}],"version-history":[{"count":4,"href":"https:\/\/antiguaesportiva.com\/revista\/wp-json\/wp\/v2\/posts\/11800\/revisions"}],"predecessor-version":[{"id":11805,"href":"https:\/\/antiguaesportiva.com\/revista\/wp-json\/wp\/v2\/posts\/11800\/revisions\/11805"}],"wp:featuredmedia":[{"embeddable":true,"href":"https:\/\/antiguaesportiva.com\/revista\/wp-json\/wp\/v2\/media\/10983"}],"wp:attachment":[{"href":"https:\/\/antiguaesportiva.com\/revista\/wp-json\/wp\/v2\/media?parent=11800"}],"wp:term":[{"taxonomy":"category","embeddable":true,"href":"https:\/\/antiguaesportiva.com\/revista\/wp-json\/wp\/v2\/categories?post=11800"},{"taxonomy":"post_tag","embeddable":true,"href":"https:\/\/antiguaesportiva.com\/revista\/wp-json\/wp\/v2\/tags?post=11800"}],"curies":[{"name":"wp","href":"https:\/\/api.w.org\/{rel}","templated":true}]}}