{"id":11697,"date":"2026-01-31T13:07:13","date_gmt":"2026-01-31T19:07:13","guid":{"rendered":"https:\/\/antiguaesportiva.com\/revista\/?p=11697"},"modified":"2026-01-31T13:09:01","modified_gmt":"2026-01-31T19:09:01","slug":"darwin-lom-fue-titular-en-el-clasico-paceno-disputado-en-el-hernando-siles","status":"publish","type":"post","link":"https:\/\/antiguaesportiva.com\/revista\/2026\/01\/31\/darwin-lom-fue-titular-en-el-clasico-paceno-disputado-en-el-hernando-siles\/","title":{"rendered":"Darwin Lom fue titular en el cl\u00e1sico pace\u00f1o disputado en el Hernando Siles"},"content":{"rendered":"\n<p>El exjugador de Comunicaciones, Darwin Lom, volvi\u00f3 a tener protagonismo en el f\u00fatbol boliviano al aparecer en el once inicial de The Strongest en el cl\u00e1sico frente a Bol\u00edvar, duelo que finaliz\u00f3 con empate 2-2 y que form\u00f3 parte del Torneo Amistoso de Verano 2026.<\/p>\n\n\n\n<figure class=\"wp-block-image size-full is-resized\"><img loading=\"lazy\" decoding=\"async\" width=\"700\" height=\"250\" src=\"https:\/\/antiguaesportiva.com\/revista\/wp-content\/uploads\/2025\/12\/fisiocas-web.png\" alt=\"\" class=\"wp-image-11081\" style=\"width:434px;height:auto\" srcset=\"https:\/\/antiguaesportiva.com\/revista\/wp-content\/uploads\/2025\/12\/fisiocas-web.png 700w, https:\/\/antiguaesportiva.com\/revista\/wp-content\/uploads\/2025\/12\/fisiocas-web-300x107.png 300w, https:\/\/antiguaesportiva.com\/revista\/wp-content\/uploads\/2025\/12\/fisiocas-web-554x198.png 554w\" sizes=\"auto, (max-width: 700px) 100vw, 700px\" \/><\/figure>\n\n\n\n<p>El encuentro se disput\u00f3 en el Estadio Hernando Siles de La Paz, escenario donde el atacante guatemalteco fue tomado en cuenta desde el arranque y permaneci\u00f3 en el terreno de juego durante 56 minutos, aportando movilidad y presencia ofensiva en un partido de alta intensidad.<\/p>\n\n\n\n<h2 class=\"wp-block-heading\">Participaci\u00f3n activa en un duelo de alta exigencia<\/h2>\n\n\n\n<p>Durante su tiempo en cancha, Lom se mostr\u00f3 participativo en el frente de ataque, buscando espacios y presionando a la zaga rival en un compromiso que exigi\u00f3 esfuerzo f\u00edsico y concentraci\u00f3n, considerando la altura y la rivalidad hist\u00f3rica entre ambos clubes.<\/p>\n\n\n\n<figure class=\"wp-block-image size-full is-resized\"><img loading=\"lazy\" decoding=\"async\" width=\"700\" height=\"250\" src=\"https:\/\/antiguaesportiva.com\/revista\/wp-content\/uploads\/2025\/12\/Banners-web.png\" alt=\"\" class=\"wp-image-11084\" style=\"width:473px;height:auto\" srcset=\"https:\/\/antiguaesportiva.com\/revista\/wp-content\/uploads\/2025\/12\/Banners-web.png 700w, https:\/\/antiguaesportiva.com\/revista\/wp-content\/uploads\/2025\/12\/Banners-web-300x107.png 300w, https:\/\/antiguaesportiva.com\/revista\/wp-content\/uploads\/2025\/12\/Banners-web-554x198.png 554w\" sizes=\"auto, (max-width: 700px) 100vw, 700px\" \/><\/figure>\n\n\n\n<h2 class=\"wp-block-heading\">The Strongest contin\u00faa su preparaci\u00f3n<\/h2>\n\n\n\n<p>El empate ante Bol\u00edvar sirvi\u00f3 como una prueba importante para The Strongest, que sigue ajustando su funcionamiento colectivo de cara a las competencias oficiales. La inclusi\u00f3n de Darwin Lom como titular refleja la confianza del cuerpo t\u00e9cnico en el delantero guatemalteco, quien contin\u00faa sumando minutos y adapt\u00e1ndose al ritmo del f\u00fatbol boliviano.<\/p>\n","protected":false},"excerpt":{"rendered":"<p>El exjugador de Comunicaciones, Darwin Lom, volvi\u00f3 a tener protagonismo en el f\u00fatbol boliviano al aparecer en el once inicial de The Strongest en el cl\u00e1sico frente a Bol\u00edvar, duelo que finaliz\u00f3 con empate 2-2 y que form\u00f3 parte del Torneo Amistoso de Verano 2026. El encuentro se disput\u00f3 en el Estadio Hernando Siles de [&hellip;]<\/p>\n","protected":false},"author":9,"featured_media":11704,"comment_status":"closed","ping_status":"closed","sticky":false,"template":"","format":"standard","meta":{"footnotes":""},"categories":[36],"tags":[47,1511,291,455,783],"class_list":["post-11697","post","type-post","status-publish","format-standard","has-post-thumbnail","hentry","category-futbol-internacional","tag-antigua-esportiva","tag-debut-de-darwim-lom","tag-guatemala","tag-seleccion-de-guatemala","tag-the-strongest"],"_links":{"self":[{"href":"https:\/\/antiguaesportiva.com\/revista\/wp-json\/wp\/v2\/posts\/11697","targetHints":{"allow":["GET"]}}],"collection":[{"href":"https:\/\/antiguaesportiva.com\/revista\/wp-json\/wp\/v2\/posts"}],"about":[{"href":"https:\/\/antiguaesportiva.com\/revista\/wp-json\/wp\/v2\/types\/post"}],"author":[{"embeddable":true,"href":"https:\/\/antiguaesportiva.com\/revista\/wp-json\/wp\/v2\/users\/9"}],"replies":[{"embeddable":true,"href":"https:\/\/antiguaesportiva.com\/revista\/wp-json\/wp\/v2\/comments?post=11697"}],"version-history":[{"count":1,"href":"https:\/\/antiguaesportiva.com\/revista\/wp-json\/wp\/v2\/posts\/11697\/revisions"}],"predecessor-version":[{"id":11703,"href":"https:\/\/antiguaesportiva.com\/revista\/wp-json\/wp\/v2\/posts\/11697\/revisions\/11703"}],"wp:featuredmedia":[{"embeddable":true,"href":"https:\/\/antiguaesportiva.com\/revista\/wp-json\/wp\/v2\/media\/11704"}],"wp:attachment":[{"href":"https:\/\/antiguaesportiva.com\/revista\/wp-json\/wp\/v2\/media?parent=11697"}],"wp:term":[{"taxonomy":"category","embeddable":true,"href":"https:\/\/antiguaesportiva.com\/revista\/wp-json\/wp\/v2\/categories?post=11697"},{"taxonomy":"post_tag","embeddable":true,"href":"https:\/\/antiguaesportiva.com\/revista\/wp-json\/wp\/v2\/tags?post=11697"}],"curies":[{"name":"wp","href":"https:\/\/api.w.org\/{rel}","templated":true}]}}