{"id":11594,"date":"2026-01-24T12:34:51","date_gmt":"2026-01-24T18:34:51","guid":{"rendered":"https:\/\/antiguaesportiva.com\/revista\/?p=11594"},"modified":"2026-01-24T12:34:52","modified_gmt":"2026-01-24T18:34:52","slug":"el-pensativo-se-alista-para-un-nuevo-capitulo-del-clausura-2026","status":"publish","type":"post","link":"https:\/\/antiguaesportiva.com\/revista\/2026\/01\/24\/el-pensativo-se-alista-para-un-nuevo-capitulo-del-clausura-2026\/","title":{"rendered":"El Pensativo se alista para un nuevo cap\u00edtulo del Clausura 2026"},"content":{"rendered":"\n<h2 class=\"wp-block-heading\">Antigua GFC vuelve a casa con la mira puesta en otro reto<\/h2>\n\n\n\n<p class=\"wp-block-paragraph\">El Estadio Municipal Pensativo ya se encuentra en condiciones \u00f3ptimas para albergar el Torneo Clausura 2026, convirti\u00e9ndose nuevamente en el escenario donde Antigua GFC buscar\u00e1 consolidar su protagonismo en la Liga. Tras un a\u00f1o hist\u00f3rico, el club inicia una nueva etapa con renovadas expectativas y el objetivo claro de mantenerse como uno de los referentes del f\u00fatbol nacional.<\/p>\n\n\n\n<figure class=\"wp-block-image size-full is-resized\"><img loading=\"lazy\" decoding=\"async\" width=\"700\" height=\"250\" src=\"https:\/\/antiguaesportiva.com\/revista\/wp-content\/uploads\/2025\/12\/fisiocas-web.png\" alt=\"\" class=\"wp-image-11081\" style=\"width:473px;height:auto\" srcset=\"https:\/\/antiguaesportiva.com\/revista\/wp-content\/uploads\/2025\/12\/fisiocas-web.png 700w, https:\/\/antiguaesportiva.com\/revista\/wp-content\/uploads\/2025\/12\/fisiocas-web-300x107.png 300w, https:\/\/antiguaesportiva.com\/revista\/wp-content\/uploads\/2025\/12\/fisiocas-web-554x198.png 554w\" sizes=\"auto, (max-width: 700px) 100vw, 700px\" \/><\/figure>\n\n\n\n<h2 class=\"wp-block-heading\">Un recinto listo para vivir cada jornada<\/h2>\n\n\n\n<p class=\"wp-block-paragraph\">Las instalaciones del Pensativo han sido preparadas para recibir cada fecha del campeonato, garantizando un entorno adecuado tanto para los protagonistas en el terreno de juego como para la afici\u00f3n. El estadio volver\u00e1 a ser testigo de encuentros intensos, emociones constantes y del ambiente caracter\u00edstico que distingue a la casa panzaverde.<\/p>\n\n\n\n<h2 class=\"wp-block-heading\">Continuidad en el trabajo deportivo<\/h2>\n\n\n\n<p class=\"wp-block-paragraph\">Jugadores y cuerpo t\u00e9cnico mantienen la misma l\u00ednea de trabajo que los llev\u00f3 a alcanzar importantes logros recientes. La planificaci\u00f3n, la disciplina y la entrega siguen siendo pilares fundamentales en el d\u00eda a d\u00eda del plantel, que afronta el Clausura 2026 con responsabilidad y ambici\u00f3n deportiva.<\/p>\n\n\n\n<figure class=\"wp-block-image size-full is-resized\"><img loading=\"lazy\" decoding=\"async\" width=\"700\" height=\"250\" src=\"https:\/\/antiguaesportiva.com\/revista\/wp-content\/uploads\/2025\/12\/Banners-web.png\" alt=\"\" class=\"wp-image-11084\" style=\"width:561px;height:auto\" srcset=\"https:\/\/antiguaesportiva.com\/revista\/wp-content\/uploads\/2025\/12\/Banners-web.png 700w, https:\/\/antiguaesportiva.com\/revista\/wp-content\/uploads\/2025\/12\/Banners-web-300x107.png 300w, https:\/\/antiguaesportiva.com\/revista\/wp-content\/uploads\/2025\/12\/Banners-web-554x198.png 554w\" sizes=\"auto, (max-width: 700px) 100vw, 700px\" \/><\/figure>\n\n\n\n<h2 class=\"wp-block-heading\">Un escenario para seguir escribiendo historia<\/h2>\n\n\n\n<p class=\"wp-block-paragraph\">Con todo listo para el arranque del torneo, el Estadio Municipal Pensativo se perfila como el punto de encuentro entre tradici\u00f3n, esfuerzo y pasi\u00f3n. El Clausura 2026 arranca con la ilusi\u00f3n intacta y con la expectativa de que la casa de Antigua GFC vuelva a ser escenario de grandes jornadas futbol\u00edsticas.<\/p>\n","protected":false},"excerpt":{"rendered":"<p>Antigua GFC vuelve a casa con la mira puesta en otro reto El Estadio Municipal Pensativo ya se encuentra en condiciones \u00f3ptimas para albergar el Torneo Clausura 2026, convirti\u00e9ndose nuevamente en el escenario donde Antigua GFC buscar\u00e1 consolidar su protagonismo en la Liga. Tras un a\u00f1o hist\u00f3rico, el club inicia una nueva etapa con renovadas [&hellip;]<\/p>\n","protected":false},"author":9,"featured_media":11595,"comment_status":"closed","ping_status":"closed","sticky":false,"template":"","format":"standard","meta":{"footnotes":""},"categories":[29],"tags":[47,45,1322,118,56,55,1361],"class_list":["post-11594","post","type-post","status-publish","format-standard","has-post-thumbnail","hentry","category-antigua-gfc","tag-antigua-esportiva","tag-antigua-gfc","tag-clausura-2026","tag-estadio-pensativo","tag-liga-nacional","tag-liga-nacional-de-futbol-de-guatemala","tag-torneo-clausura-2026"],"_links":{"self":[{"href":"https:\/\/antiguaesportiva.com\/revista\/wp-json\/wp\/v2\/posts\/11594","targetHints":{"allow":["GET"]}}],"collection":[{"href":"https:\/\/antiguaesportiva.com\/revista\/wp-json\/wp\/v2\/posts"}],"about":[{"href":"https:\/\/antiguaesportiva.com\/revista\/wp-json\/wp\/v2\/types\/post"}],"author":[{"embeddable":true,"href":"https:\/\/antiguaesportiva.com\/revista\/wp-json\/wp\/v2\/users\/9"}],"replies":[{"embeddable":true,"href":"https:\/\/antiguaesportiva.com\/revista\/wp-json\/wp\/v2\/comments?post=11594"}],"version-history":[{"count":1,"href":"https:\/\/antiguaesportiva.com\/revista\/wp-json\/wp\/v2\/posts\/11594\/revisions"}],"predecessor-version":[{"id":11596,"href":"https:\/\/antiguaesportiva.com\/revista\/wp-json\/wp\/v2\/posts\/11594\/revisions\/11596"}],"wp:featuredmedia":[{"embeddable":true,"href":"https:\/\/antiguaesportiva.com\/revista\/wp-json\/wp\/v2\/media\/11595"}],"wp:attachment":[{"href":"https:\/\/antiguaesportiva.com\/revista\/wp-json\/wp\/v2\/media?parent=11594"}],"wp:term":[{"taxonomy":"category","embeddable":true,"href":"https:\/\/antiguaesportiva.com\/revista\/wp-json\/wp\/v2\/categories?post=11594"},{"taxonomy":"post_tag","embeddable":true,"href":"https:\/\/antiguaesportiva.com\/revista\/wp-json\/wp\/v2\/tags?post=11594"}],"curies":[{"name":"wp","href":"https:\/\/api.w.org\/{rel}","templated":true}]}}