{"id":11463,"date":"2026-01-16T15:31:44","date_gmt":"2026-01-16T21:31:44","guid":{"rendered":"https:\/\/antiguaesportiva.com\/revista\/?p=11463"},"modified":"2026-01-16T15:31:47","modified_gmt":"2026-01-16T21:31:47","slug":"roberto-hernandez-transmite-confianza-y-optimismo-en-su-inicio-con-xelaju-mc","status":"publish","type":"post","link":"https:\/\/antiguaesportiva.com\/revista\/2026\/01\/16\/roberto-hernandez-transmite-confianza-y-optimismo-en-su-inicio-con-xelaju-mc\/","title":{"rendered":"Roberto Hern\u00e1ndez transmite confianza y optimismo en su inicio con Xelaj\u00fa MC"},"content":{"rendered":"\n<h3 class=\"wp-block-heading\">Disposici\u00f3n total del plantel, la base del proyecto<\/h3>\n\n\n\n<p>El director t\u00e9cnico mexicano Roberto Hern\u00e1ndez vive sus primeros d\u00edas al frente de Xelaj\u00fa MC con sensaciones positivas. En entrevista, el estratega destac\u00f3 la actitud del grupo como uno de los factores m\u00e1s importantes en este arranque de proceso. Seg\u00fan explic\u00f3, ha encontrado un plantel receptivo, comprometido y con una r\u00e1pida comprensi\u00f3n de la idea de juego, lo que facilita el avance del trabajo diario.<\/p>\n\n\n\n<p>Hern\u00e1ndez subray\u00f3 que no busca imponer un sistema complejo, sino potenciar las virtudes de futbolistas que ya entienden lo que deben hacer dentro del campo. Esa disposici\u00f3n, afirm\u00f3, permite acelerar el aprendizaje y corregir detalles con mayor fluidez.<\/p>\n\n\n\n<figure class=\"wp-block-image size-full\"><img loading=\"lazy\" decoding=\"async\" width=\"700\" height=\"250\" src=\"https:\/\/antiguaesportiva.com\/revista\/wp-content\/uploads\/2025\/12\/fisiocas-web.png\" alt=\"\" class=\"wp-image-11081\" srcset=\"https:\/\/antiguaesportiva.com\/revista\/wp-content\/uploads\/2025\/12\/fisiocas-web.png 700w, https:\/\/antiguaesportiva.com\/revista\/wp-content\/uploads\/2025\/12\/fisiocas-web-300x107.png 300w, https:\/\/antiguaesportiva.com\/revista\/wp-content\/uploads\/2025\/12\/fisiocas-web-554x198.png 554w\" sizes=\"auto, (max-width: 700px) 100vw, 700px\" \/><\/figure>\n\n\n\n<h3 class=\"wp-block-heading\">Un grupo compacto que comienza a consolidarse<\/h3>\n\n\n\n<p>El t\u00e9cnico azteca se mostr\u00f3 satisfecho con la integraci\u00f3n entre jugadores y cuerpo t\u00e9cnico, se\u00f1alando que el equipo ya se percibe como un grupo s\u00f3lido y unido. Destac\u00f3 que las incorporaciones llegaron en tiempo y forma, algo que no siempre ocurre en otros clubes, y que eso representa una ventaja clave en la preparaci\u00f3n previa al inicio del torneo.<\/p>\n\n\n\n<p>Aunque reconoci\u00f3 que la adaptaci\u00f3n puede verse afectada por factores como la altura, Hern\u00e1ndez asegur\u00f3 que el plantel avanza de manera ordenada tanto en lo f\u00edsico como en lo t\u00e1ctico, con la mirada puesta en llegar a la primera jornada con un equipo estable y competitivo.<\/p>\n\n\n\n<h3 class=\"wp-block-heading\">Refuerzos pensados con calma y criterio<\/h3>\n\n\n\n<p>Uno de los puntos m\u00e1s detallados por el entrenador fue el proceso de selecci\u00f3n de refuerzos, en especial la elecci\u00f3n del delantero centro. Hern\u00e1ndez explic\u00f3 que no se dej\u00f3 llevar por decisiones apresuradas ni por simples recomendaciones, sino que apost\u00f3 por analizar trayectorias, experiencia y jerarqu\u00eda, buscando jugadores que se adapten r\u00e1pidamente al estilo del club.<\/p>\n\n\n\n<p>El estratega reconoci\u00f3 que se tomaron m\u00e1s tiempo del habitual para cubrir esa posici\u00f3n, pero defendi\u00f3 la decisi\u00f3n como necesaria para elegir correctamente. Ahora, conf\u00eda en que el nuevo atacante responda con goles y aporte al funcionamiento colectivo.<\/p>\n\n\n\n<figure class=\"wp-block-image size-full\"><img loading=\"lazy\" decoding=\"async\" width=\"700\" height=\"250\" src=\"https:\/\/antiguaesportiva.com\/revista\/wp-content\/uploads\/2025\/12\/Banners-web.png\" alt=\"\" class=\"wp-image-11084\" srcset=\"https:\/\/antiguaesportiva.com\/revista\/wp-content\/uploads\/2025\/12\/Banners-web.png 700w, https:\/\/antiguaesportiva.com\/revista\/wp-content\/uploads\/2025\/12\/Banners-web-300x107.png 300w, https:\/\/antiguaesportiva.com\/revista\/wp-content\/uploads\/2025\/12\/Banners-web-554x198.png 554w\" sizes=\"auto, (max-width: 700px) 100vw, 700px\" \/><\/figure>\n\n\n\n<h3 class=\"wp-block-heading\">Xelaj\u00fa, un club estructurado y con visi\u00f3n de futuro<\/h3>\n\n\n\n<p>M\u00e1s all\u00e1 del plantel, Roberto Hern\u00e1ndez elogi\u00f3 la organizaci\u00f3n institucional de Xelaj\u00fa MC, al que considera uno de los clubes mejor estructurados del f\u00fatbol guatemalteco. Resalt\u00f3 la existencia de \u00e1reas de apoyo como fisioterapia, psicolog\u00eda, nutrici\u00f3n y medicina deportiva, adem\u00e1s del trabajo en fuerzas b\u00e1sicas desde edades tempranas.<\/p>\n\n\n\n<p>El t\u00e9cnico valor\u00f3 tambi\u00e9n la planificaci\u00f3n a largo plazo, mencionando proyectos como la remodelaci\u00f3n del estadio y el an\u00e1lisis anticipado de futuras incorporaciones. Para Hern\u00e1ndez, el \u00e9xito deportivo no es casualidad, sino el resultado de un trabajo sostenido y bien planificado, una filosof\u00eda que asegura haber encontrado en el conjunto altense.<\/p>\n","protected":false},"excerpt":{"rendered":"<p>Disposici\u00f3n total del plantel, la base del proyecto El director t\u00e9cnico mexicano Roberto Hern\u00e1ndez vive sus primeros d\u00edas al frente de Xelaj\u00fa MC con sensaciones positivas. En entrevista, el estratega destac\u00f3 la actitud del grupo como uno de los factores m\u00e1s importantes en este arranque de proceso. Seg\u00fan explic\u00f3, ha encontrado un plantel receptivo, comprometido [&hellip;]<\/p>\n","protected":false},"author":9,"featured_media":11464,"comment_status":"closed","ping_status":"closed","sticky":false,"template":"","format":"standard","meta":{"footnotes":""},"categories":[31],"tags":[47,1322,56,55,663,1361,1239],"class_list":["post-11463","post","type-post","status-publish","format-standard","has-post-thumbnail","hentry","category-liga-nacional","tag-antigua-esportiva","tag-clausura-2026","tag-liga-nacional","tag-liga-nacional-de-futbol-de-guatemala","tag-roberto-hernandez","tag-torneo-clausura-2026","tag-xelaju-mc-2"],"_links":{"self":[{"href":"https:\/\/antiguaesportiva.com\/revista\/wp-json\/wp\/v2\/posts\/11463","targetHints":{"allow":["GET"]}}],"collection":[{"href":"https:\/\/antiguaesportiva.com\/revista\/wp-json\/wp\/v2\/posts"}],"about":[{"href":"https:\/\/antiguaesportiva.com\/revista\/wp-json\/wp\/v2\/types\/post"}],"author":[{"embeddable":true,"href":"https:\/\/antiguaesportiva.com\/revista\/wp-json\/wp\/v2\/users\/9"}],"replies":[{"embeddable":true,"href":"https:\/\/antiguaesportiva.com\/revista\/wp-json\/wp\/v2\/comments?post=11463"}],"version-history":[{"count":1,"href":"https:\/\/antiguaesportiva.com\/revista\/wp-json\/wp\/v2\/posts\/11463\/revisions"}],"predecessor-version":[{"id":11465,"href":"https:\/\/antiguaesportiva.com\/revista\/wp-json\/wp\/v2\/posts\/11463\/revisions\/11465"}],"wp:featuredmedia":[{"embeddable":true,"href":"https:\/\/antiguaesportiva.com\/revista\/wp-json\/wp\/v2\/media\/11464"}],"wp:attachment":[{"href":"https:\/\/antiguaesportiva.com\/revista\/wp-json\/wp\/v2\/media?parent=11463"}],"wp:term":[{"taxonomy":"category","embeddable":true,"href":"https:\/\/antiguaesportiva.com\/revista\/wp-json\/wp\/v2\/categories?post=11463"},{"taxonomy":"post_tag","embeddable":true,"href":"https:\/\/antiguaesportiva.com\/revista\/wp-json\/wp\/v2\/tags?post=11463"}],"curies":[{"name":"wp","href":"https:\/\/api.w.org\/{rel}","templated":true}]}}