{"id":11449,"date":"2026-01-14T17:21:13","date_gmt":"2026-01-14T23:21:13","guid":{"rendered":"https:\/\/antiguaesportiva.com\/revista\/?p=11449"},"modified":"2026-01-14T17:21:13","modified_gmt":"2026-01-14T23:21:13","slug":"el-real-madrid-otra-vez-fuera-de-la-copa-del-rey-albacete-tumba-a-los-merengues","status":"publish","type":"post","link":"https:\/\/antiguaesportiva.com\/revista\/2026\/01\/14\/el-real-madrid-otra-vez-fuera-de-la-copa-del-rey-albacete-tumba-a-los-merengues\/","title":{"rendered":"El Real Madrid, otra vez fuera de la Copa del Rey: Albacete tumba a los merengues"},"content":{"rendered":"\n<p><strong>Albacete, 14 de enero de 2026.<\/strong> El Real Madrid sufri\u00f3 una eliminaci\u00f3n sorpresiva y dolorosa en la Copa del Rey tras caer ante el Albacete Balompi\u00e9, equipo de la Segunda Divisi\u00f3n, en un resultado que confirma la peor versi\u00f3n competitiva del equipo en esta competici\u00f3n y profundiza la crisis de resultados ahora bajo el mando de \u00c1lvaro Arbeloa que dirigi\u00f3 su primer juego.<\/p>\n\n\n\n<figure class=\"wp-block-image size-large is-resized\"><a href=\"https:\/\/www.formacionsecretarial.edu.gt\" target=\"_blank\" rel=\" noreferrer noopener\"><img loading=\"lazy\" decoding=\"async\" width=\"768\" height=\"1024\" src=\"https:\/\/antiguaesportiva.com\/revista\/wp-content\/uploads\/2025\/09\/ifs_becas-768x1024.png\" alt=\"\" class=\"wp-image-9537\" style=\"width:462px;height:auto\" srcset=\"https:\/\/antiguaesportiva.com\/revista\/wp-content\/uploads\/2025\/09\/ifs_becas-768x1024.png 768w, https:\/\/antiguaesportiva.com\/revista\/wp-content\/uploads\/2025\/09\/ifs_becas-225x300.png 225w, https:\/\/antiguaesportiva.com\/revista\/wp-content\/uploads\/2025\/09\/ifs_becas-1152x1536.png 1152w, https:\/\/antiguaesportiva.com\/revista\/wp-content\/uploads\/2025\/09\/ifs_becas-554x739.png 554w, https:\/\/antiguaesportiva.com\/revista\/wp-content\/uploads\/2025\/09\/ifs_becas.png 1440w\" sizes=\"auto, (max-width: 768px) 100vw, 768px\" \/><\/a><\/figure>\n\n\n\n<h2 class=\"wp-block-heading\">Un desenlace inesperado: Albacete deja fuera al Real Madrid<\/h2>\n\n\n\n<p>El marcador global termin\u00f3 inclin\u00e1ndose a favor del Albacete, que supo aprovechar cada desconexi\u00f3n defensiva y la falta de contundencia blanca. La noche en el estadio Carlos Belmonte pasar\u00e1 a la historia como otra de las mayores decepciones recientes para la instituci\u00f3n merengue, que volvi\u00f3 a caer eliminada ante un equipo de inferior categor\u00eda.<\/p>\n\n\n\n<p>Desde los primeros minutos, el conjunto dirigido por Arbeloa mostr\u00f3 imprecisiones en salida, poca capacidad de generaci\u00f3n ofensiva y, sobre todo, una fragilidad defensiva que fue explotada por los locales. Los errores individuales y la falta de equilibrio t\u00e1ctico terminaron por sentenciar al Real Madrid, que no supo imponer su jerarqu\u00eda ni su experiencia en instancias clave de la competici\u00f3n. El Albacete es puesto 17 de la segunda divisi\u00f3n y est\u00e1 a un punto de zona de descenso.<\/p>\n\n\n\n<h2 class=\"wp-block-heading\">R\u00e9cord doloroso: ya son ocho eliminaciones ante equipos de Segunda y Segunda B<\/h2>\n\n\n\n<p>Esta eliminaci\u00f3n se suma a una lista hist\u00f3rica de fracasos del Real Madrid en la Copa del Rey ante equipos de categor\u00edas inferiores. A lo largo de su historia, el club blanco ha visto c\u00f3mo rivalidades inesperadas y tropiezos deportivos han terminado en sorpresa y eliminaci\u00f3n.<\/p>\n\n\n\n<figure class=\"wp-block-image size-full\"><img loading=\"lazy\" decoding=\"async\" width=\"700\" height=\"250\" src=\"https:\/\/antiguaesportiva.com\/revista\/wp-content\/uploads\/2025\/12\/fisiocas-web.png\" alt=\"\" class=\"wp-image-11081\" srcset=\"https:\/\/antiguaesportiva.com\/revista\/wp-content\/uploads\/2025\/12\/fisiocas-web.png 700w, https:\/\/antiguaesportiva.com\/revista\/wp-content\/uploads\/2025\/12\/fisiocas-web-300x107.png 300w, https:\/\/antiguaesportiva.com\/revista\/wp-content\/uploads\/2025\/12\/fisiocas-web-554x198.png 554w\" sizes=\"auto, (max-width: 700px) 100vw, 700px\" \/><\/figure>\n\n\n\n<h3 class=\"wp-block-heading\">1971: Deportivo La Coru\u00f1a (Segunda B)<\/h3>\n\n\n\n<p>La primera gran sorpresa ocurri\u00f3 cuando el Deportivo La Coru\u00f1a, entonces en Segunda B, empat\u00f3 en casa del Real Madrid y avanz\u00f3 gracias al gol de visitante, marcando la primera gran derrota copera del conjunto merengue.<\/p>\n\n\n\n<h3 class=\"wp-block-heading\">1998: Alav\u00e9s<\/h3>\n\n\n\n<p>M\u00e1s de dos d\u00e9cadas despu\u00e9s, el Deportivo Alav\u00e9s repiti\u00f3 la historia. A pesar de empatar con el Madrid en el global, el criterio del gol visitante permiti\u00f3 a los vascos dejar fuera al gigante blanco.<\/p>\n\n\n\n<h3 class=\"wp-block-heading\">2000\/2001: Toledo (Segunda B)<\/h3>\n\n\n\n<p>En esa temporada, el Real Madrid llegaba como flamante campe\u00f3n de la Champions League, y la ilusi\u00f3n era m\u00e1xima. Sin embargo, el Toledo, tambi\u00e9n de Segunda B, elimin\u00f3 a los gal\u00e1cticos en partido \u00fanico (2\u20111), marcando una de las sorpresas m\u00e1s resonantes poco despu\u00e9s de la llegada de Florentino P\u00e9rez a la presidencia.<\/p>\n\n\n\n<h3 class=\"wp-block-heading\">2008\/2009: Real Uni\u00f3n Ir\u00fan<\/h3>\n\n\n\n<p>Otra vez la Copa del Rey ofreci\u00f3 una p\u00e1gina amarga para el Madrid: el Real Uni\u00f3n Ir\u00fan dobleg\u00f3 al equipo con figuras como Ra\u00fal, Cannavaro, Marcelo y Sneijder, dirigidos entonces por Bernd Schuster, imponi\u00e9ndose con un global de 4\u20113.<\/p>\n\n\n\n<h3 class=\"wp-block-heading\">2009\/2010: Alcorc\u00f3n, \u201cel Alcorconazo\u201d<\/h3>\n\n\n\n<p>Quiz\u00e1 la eliminaci\u00f3n m\u00e1s humillante en la memoria reciente: el Alcorc\u00f3n, tambi\u00e9n de Segunda B, gole\u00f3 4\u20110 a un Real Madrid que no encontr\u00f3 respuestas. El apodo \u201cAlcorconazo\u201d quedar\u00eda para la posteridad.<\/p>\n\n\n\n<h3 class=\"wp-block-heading\">2015\/2016: C\u00e1diz CF por alineaci\u00f3n indebida<\/h3>\n\n\n\n<p>En esta ocasi\u00f3n, aunque el Real Madrid hab\u00eda ganado 3\u20111, la eliminaci\u00f3n vino por una receta administrativa: el ruso Denis Cheryshev fue alineado indebidamente, lo que permiti\u00f3 al C\u00e1diz reclamar y avanzar, desatando pol\u00e9mica reglamentaria.<\/p>\n\n\n\n<h3 class=\"wp-block-heading\">2017\/2018: Legan\u00e9s<\/h3>\n\n\n\n<p>El Real Madrid, dirigido por Zinedine Zidane, hab\u00eda ganado el partido de ida, pero en casa permiti\u00f3 dos goles y, bajo la regla del gol de visita, fue eliminado ante el Legan\u00e9s.<\/p>\n\n\n\n<h3 class=\"wp-block-heading\">2021: Alcoyano<\/h3>\n\n\n\n<p>De nuevo con Zidane en el banco, el Alcoyano, incluso con un hombre menos por expulsi\u00f3n, anot\u00f3 en el tiempo extra para sellar una remontada hist\u00f3rica (2\u20111) que dej\u00f3 fuera al Real Madrid una vez m\u00e1s.<\/p>\n\n\n\n<h3 class=\"wp-block-heading\">2025\/2026: Albacete Balompi\u00e9<\/h3>\n\n\n\n<p>Con la eliminaci\u00f3n actual, son <strong>ocho<\/strong> las veces que equipos de Segunda Divisi\u00f3n o Segunda B han dejado fuera al Real Madrid en la Copa del Rey, consolidando un patr\u00f3n preocupante que hoy vuelve a repetirse.<\/p>\n\n\n\n<h2 class=\"wp-block-heading\">Cr\u00edtica a Arbeloa: \u00bfel mayor responsable del mal momento?<\/h2>\n\n\n\n<p>La figura de <strong>\u00c1lvaro Arbeloa<\/strong>, exjugador blanco, ha pasado de h\u00e9roe a uno de los principales se\u00f1alados tras el mal inicio como t\u00e9cnico del primer equipo. Con esta eliminaci\u00f3n, Arbeloa acumula ya <strong>dos eliminaciones en Copa del Rey ante equipos de inferior categor\u00eda<\/strong>, sumando cuestionamientos sobre su idoneidad para el cargo.<\/p>\n\n\n\n<p>No es menor recordar que, como jugador, Arbeloa fue protagonista indirecto en otra de estas grandes derrotas: el <strong>autogol contra el Alcorc\u00f3n<\/strong> en la hist\u00f3rica goleada que sell\u00f3 la eliminaci\u00f3n en 2010. Ahora, como entrenador, algunos medios y aficionados se\u00f1alan que su planteamiento timorato y las decisiones t\u00e1cticas err\u00e1ticas han contribuido a otra ca\u00edda estrepitosa del Madrid.<\/p>\n\n\n\n<h2 class=\"wp-block-heading\">Repercusiones internas y en la afici\u00f3n<\/h2>\n\n\n\n<p>La afici\u00f3n madridista no tard\u00f3 en expresar su frustraci\u00f3n en redes sociales y foros: reclamos hacia la directiva, descontento con el estilo de juego y cuestionamientos sobre la gesti\u00f3n deportiva. Para una instituci\u00f3n que hist\u00f3ricamente ha dominado la Copa del Rey \u2014con m\u00faltiples t\u00edtulos y participaciones memorables\u2014 este tipo de tropiezos golpea no solo a la competitividad del equipo, sino tambi\u00e9n a su identidad.<\/p>\n\n\n\n<p>La prensa deportiva espa\u00f1ola repudi\u00f3 colectivamente el rendimiento del Madrid, se\u00f1alando que las tropel\u00edas ante rivales de menor jerarqu\u00eda ya no pueden atribuirse a simples accidentes: parecen s\u00edntomas de un problema estructural en el enfoque competitivo.<\/p>\n\n\n\n<h2 class=\"wp-block-heading\">Mirando hacia adelante: \u00bfqu\u00e9 puede cambiar el Real Madrid?<\/h2>\n\n\n\n<p>Con la eliminaci\u00f3n copera confirmada, el Real Madrid debe reenfocar sus esfuerzos hacia La Liga y competiciones europeas, donde la exigencia ser\u00e1 m\u00e1xima. Sin embargo, la presi\u00f3n sobre Arbeloa se incrementa y la directiva deber\u00e1 considerar si mantener la confianza en su proyecto es la mejor opci\u00f3n para revertir la tendencia adversa. El contrato de Alavaro Arbeloa est\u00e1 para junio de 2027 y apenas comienza.<\/p>\n\n\n\n<p>La historia reciente demuestra que, en el f\u00fatbol, titanes pueden caer ante David. Pero cuando la repetici\u00f3n de esta historia se convierte en patr\u00f3n, las alarmas deben sonar m\u00e1s fuerte.<\/p>\n","protected":false},"excerpt":{"rendered":"<p>Albacete, 14 de enero de 2026. El Real Madrid sufri\u00f3 una eliminaci\u00f3n sorpresiva y dolorosa en la Copa del Rey tras caer ante el Albacete Balompi\u00e9, equipo de la Segunda Divisi\u00f3n, en un resultado que confirma la peor versi\u00f3n competitiva del equipo en esta competici\u00f3n y profundiza la crisis de resultados ahora bajo el mando [&hellip;]<\/p>\n","protected":false},"author":1,"featured_media":11450,"comment_status":"closed","ping_status":"closed","sticky":false,"template":"","format":"standard","meta":{"footnotes":""},"categories":[36],"tags":[1463,1464,1466,47,271,58,1465],"class_list":["post-11449","post","type-post","status-publish","format-standard","has-post-thumbnail","hentry","category-futbol-internacional","tag-albacete","tag-albacete-elimina-al-real-madrid","tag-alvaro-arbeloa","tag-antigua-esportiva","tag-copa-del-rey","tag-real-madrid","tag-real-madrid-eliminado"],"_links":{"self":[{"href":"https:\/\/antiguaesportiva.com\/revista\/wp-json\/wp\/v2\/posts\/11449","targetHints":{"allow":["GET"]}}],"collection":[{"href":"https:\/\/antiguaesportiva.com\/revista\/wp-json\/wp\/v2\/posts"}],"about":[{"href":"https:\/\/antiguaesportiva.com\/revista\/wp-json\/wp\/v2\/types\/post"}],"author":[{"embeddable":true,"href":"https:\/\/antiguaesportiva.com\/revista\/wp-json\/wp\/v2\/users\/1"}],"replies":[{"embeddable":true,"href":"https:\/\/antiguaesportiva.com\/revista\/wp-json\/wp\/v2\/comments?post=11449"}],"version-history":[{"count":1,"href":"https:\/\/antiguaesportiva.com\/revista\/wp-json\/wp\/v2\/posts\/11449\/revisions"}],"predecessor-version":[{"id":11451,"href":"https:\/\/antiguaesportiva.com\/revista\/wp-json\/wp\/v2\/posts\/11449\/revisions\/11451"}],"wp:featuredmedia":[{"embeddable":true,"href":"https:\/\/antiguaesportiva.com\/revista\/wp-json\/wp\/v2\/media\/11450"}],"wp:attachment":[{"href":"https:\/\/antiguaesportiva.com\/revista\/wp-json\/wp\/v2\/media?parent=11449"}],"wp:term":[{"taxonomy":"category","embeddable":true,"href":"https:\/\/antiguaesportiva.com\/revista\/wp-json\/wp\/v2\/categories?post=11449"},{"taxonomy":"post_tag","embeddable":true,"href":"https:\/\/antiguaesportiva.com\/revista\/wp-json\/wp\/v2\/tags?post=11449"}],"curies":[{"name":"wp","href":"https:\/\/api.w.org\/{rel}","templated":true}]}}