{"id":11417,"date":"2026-01-13T11:03:41","date_gmt":"2026-01-13T17:03:41","guid":{"rendered":"https:\/\/antiguaesportiva.com\/revista\/?p=11417"},"modified":"2026-01-13T11:03:42","modified_gmt":"2026-01-13T17:03:42","slug":"roberto-hernandez-hace-autocritica-tras-su-paso-por-comunicaciones-y-mira-al-futuro-con-xelaju","status":"publish","type":"post","link":"https:\/\/antiguaesportiva.com\/revista\/2026\/01\/13\/roberto-hernandez-hace-autocritica-tras-su-paso-por-comunicaciones-y-mira-al-futuro-con-xelaju\/","title":{"rendered":"Roberto Hern\u00e1ndez hace autocr\u00edtica tras su paso por Comunicaciones y mira al futuro con Xelaj\u00fa"},"content":{"rendered":"\n<p>El entrenador mexicano Roberto Hern\u00e1ndez rompi\u00f3 el silencio sobre su breve y compleja etapa al frente de Comunicaciones FC, justo cuando se alista para debutar como director t\u00e9cnico de Xelaj\u00fa MC en el Torneo Clausura 2026. Con un discurso autocr\u00edtico y reflexivo, el estratega dej\u00f3 claro que su paso por el club albo le dej\u00f3 lecciones importantes que ahora pretende aplicar en su nueva casa.<\/p>\n\n\n\n<figure class=\"wp-block-image size-full\"><img loading=\"lazy\" decoding=\"async\" width=\"700\" height=\"250\" src=\"https:\/\/antiguaesportiva.com\/revista\/wp-content\/uploads\/2025\/12\/Banners-web.png\" alt=\"\" class=\"wp-image-11084\" srcset=\"https:\/\/antiguaesportiva.com\/revista\/wp-content\/uploads\/2025\/12\/Banners-web.png 700w, https:\/\/antiguaesportiva.com\/revista\/wp-content\/uploads\/2025\/12\/Banners-web-300x107.png 300w, https:\/\/antiguaesportiva.com\/revista\/wp-content\/uploads\/2025\/12\/Banners-web-554x198.png 554w\" sizes=\"auto, (max-width: 700px) 100vw, 700px\" \/><\/figure>\n\n\n\n<h2 class=\"wp-block-heading\">Una etapa corta y marcada por los resultados<\/h2>\n\n\n\n<p>Hern\u00e1ndez asumi\u00f3 el banquillo de Comunicaciones para el Torneo Apertura 2025, pero los resultados no acompa\u00f1aron el proyecto. En 12 jornadas dirigidas, el equipo registr\u00f3 un balance irregular que llev\u00f3 a la directiva a tomar la decisi\u00f3n de interrumpir el proceso antes de finalizar la primera vuelta del campeonato.<\/p>\n\n\n\n<p>La presi\u00f3n constante y la falta de regularidad terminaron por cerrar un ciclo que nunca logr\u00f3 despegar, dando paso posteriormente a una etapa interina que tampoco logr\u00f3 estabilizar al club capitalino.<\/p>\n\n\n\n<h2 class=\"wp-block-heading\">Autocr\u00edtica y aprendizaje del fracaso<\/h2>\n\n\n\n<p>En declaraciones recientes, el t\u00e9cnico azteca asumi\u00f3 responsabilidad directa por lo ocurrido durante su gesti\u00f3n. Reconoci\u00f3 que le falt\u00f3 mayor firmeza en la toma de decisiones y una exigencia m\u00e1s constante hacia el plantel, aspectos que considera determinantes en un club con altas aspiraciones.<\/p>\n\n\n\n<p>Lejos de evadir el tema, Hern\u00e1ndez calific\u00f3 su paso por Comunicaciones como una experiencia de aprendizaje, asegurando que los errores cometidos forman parte de un proceso que hoy lo encuentra con mayor claridad en su idea de liderazgo.<\/p>\n\n\n\n<figure class=\"wp-block-image size-large\"><img loading=\"lazy\" decoding=\"async\" width=\"723\" height=\"1024\" src=\"https:\/\/antiguaesportiva.com\/revista\/wp-content\/uploads\/2025\/10\/IFS-carreras25@4x-723x1024.png\" alt=\"\" class=\"wp-image-10079\" srcset=\"https:\/\/antiguaesportiva.com\/revista\/wp-content\/uploads\/2025\/10\/IFS-carreras25@4x-723x1024.png 723w, https:\/\/antiguaesportiva.com\/revista\/wp-content\/uploads\/2025\/10\/IFS-carreras25@4x-212x300.png 212w, https:\/\/antiguaesportiva.com\/revista\/wp-content\/uploads\/2025\/10\/IFS-carreras25@4x-768x1087.png 768w, https:\/\/antiguaesportiva.com\/revista\/wp-content\/uploads\/2025\/10\/IFS-carreras25@4x-554x784.png 554w, https:\/\/antiguaesportiva.com\/revista\/wp-content\/uploads\/2025\/10\/IFS-carreras25@4x.png 1000w\" sizes=\"auto, (max-width: 723px) 100vw, 723px\" \/><\/figure>\n\n\n\n<h2 class=\"wp-block-heading\">Xelaj\u00fa, un nuevo desaf\u00edo con obligaci\u00f3n de competir<\/h2>\n\n\n\n<p>Ahora al mando de Xelaj\u00fa MC, el entrenador mexicano llega con la convicci\u00f3n de que el club quetzalteco est\u00e1 llamado a pelear por cosas importantes. Hern\u00e1ndez se\u00f1al\u00f3 que su intenci\u00f3n es construir una relaci\u00f3n m\u00e1s cercana con el jugador, sin perder la exigencia que demanda una instituci\u00f3n con historia y t\u00edtulos en el f\u00fatbol guatemalteco.<\/p>\n\n\n\n<p>El equipo altense debutar\u00e1 en el Torneo Clausura 2026 el pr\u00f3ximo 20 de enero, cuando reciba a Aurora en el estadio Mario Camposeco. Adem\u00e1s, Xelaj\u00fa tendr\u00e1 un reto internacional en febrero, cuando dispute la primera ronda de la Concacaf Champions Cup ante Rayados de Monterrey.<\/p>\n\n\n\n<p><\/p>\n","protected":false},"excerpt":{"rendered":"<p>El entrenador mexicano Roberto Hern\u00e1ndez rompi\u00f3 el silencio sobre su breve y compleja etapa al frente de Comunicaciones FC, justo cuando se alista para debutar como director t\u00e9cnico de Xelaj\u00fa MC en el Torneo Clausura 2026. Con un discurso autocr\u00edtico y reflexivo, el estratega dej\u00f3 claro que su paso por el club albo le dej\u00f3 [&hellip;]<\/p>\n","protected":false},"author":9,"featured_media":11418,"comment_status":"closed","ping_status":"closed","sticky":false,"template":"","format":"standard","meta":{"footnotes":""},"categories":[31,1],"tags":[1322,48,56,55,663,1361,1239],"class_list":["post-11417","post","type-post","status-publish","format-standard","has-post-thumbnail","hentry","category-liga-nacional","category-sin-categoria","tag-clausura-2026","tag-kenny-rodas","tag-liga-nacional","tag-liga-nacional-de-futbol-de-guatemala","tag-roberto-hernandez","tag-torneo-clausura-2026","tag-xelaju-mc-2"],"_links":{"self":[{"href":"https:\/\/antiguaesportiva.com\/revista\/wp-json\/wp\/v2\/posts\/11417","targetHints":{"allow":["GET"]}}],"collection":[{"href":"https:\/\/antiguaesportiva.com\/revista\/wp-json\/wp\/v2\/posts"}],"about":[{"href":"https:\/\/antiguaesportiva.com\/revista\/wp-json\/wp\/v2\/types\/post"}],"author":[{"embeddable":true,"href":"https:\/\/antiguaesportiva.com\/revista\/wp-json\/wp\/v2\/users\/9"}],"replies":[{"embeddable":true,"href":"https:\/\/antiguaesportiva.com\/revista\/wp-json\/wp\/v2\/comments?post=11417"}],"version-history":[{"count":1,"href":"https:\/\/antiguaesportiva.com\/revista\/wp-json\/wp\/v2\/posts\/11417\/revisions"}],"predecessor-version":[{"id":11419,"href":"https:\/\/antiguaesportiva.com\/revista\/wp-json\/wp\/v2\/posts\/11417\/revisions\/11419"}],"wp:featuredmedia":[{"embeddable":true,"href":"https:\/\/antiguaesportiva.com\/revista\/wp-json\/wp\/v2\/media\/11418"}],"wp:attachment":[{"href":"https:\/\/antiguaesportiva.com\/revista\/wp-json\/wp\/v2\/media?parent=11417"}],"wp:term":[{"taxonomy":"category","embeddable":true,"href":"https:\/\/antiguaesportiva.com\/revista\/wp-json\/wp\/v2\/categories?post=11417"},{"taxonomy":"post_tag","embeddable":true,"href":"https:\/\/antiguaesportiva.com\/revista\/wp-json\/wp\/v2\/tags?post=11417"}],"curies":[{"name":"wp","href":"https:\/\/api.w.org\/{rel}","templated":true}]}}