{"id":11332,"date":"2026-01-07T15:20:06","date_gmt":"2026-01-07T21:20:06","guid":{"rendered":"https:\/\/antiguaesportiva.com\/revista\/?p=11332"},"modified":"2026-01-07T15:20:07","modified_gmt":"2026-01-07T21:20:07","slug":"guillermo-carbonel-panza-verde-y-creador-de-contenido","status":"publish","type":"post","link":"https:\/\/antiguaesportiva.com\/revista\/2026\/01\/07\/guillermo-carbonel-panza-verde-y-creador-de-contenido\/","title":{"rendered":"Guillermo Carbonel: Panza Verde y creador de contenido"},"content":{"rendered":"\n<p>Juan Guillermo Carbonel Rivera, de 24 a\u00f1os, ha logrado destacar no solo por su rol como futbolista en Antigua GFC, sino tambi\u00e9n por su presencia en redes sociales, donde documenta su rutina, aspiraciones y vida como jugador profesional.<\/p>\n\n\n\n<figure class=\"wp-block-image size-full\"><img loading=\"lazy\" decoding=\"async\" width=\"700\" height=\"250\" src=\"https:\/\/antiguaesportiva.com\/revista\/wp-content\/uploads\/2025\/12\/fisiocas-web.png\" alt=\"\" class=\"wp-image-11081\" srcset=\"https:\/\/antiguaesportiva.com\/revista\/wp-content\/uploads\/2025\/12\/fisiocas-web.png 700w, https:\/\/antiguaesportiva.com\/revista\/wp-content\/uploads\/2025\/12\/fisiocas-web-300x107.png 300w, https:\/\/antiguaesportiva.com\/revista\/wp-content\/uploads\/2025\/12\/fisiocas-web-554x198.png 554w\" sizes=\"auto, (max-width: 700px) 100vw, 700px\" \/><\/figure>\n\n\n\n<h2 class=\"wp-block-heading\">La historia de un \u201cPanza Verde\u201d<\/h2>\n\n\n\n<p>Desde su debut con el primer equipo de Antigua GFC, Carbonel se ha ganado un lugar dentro del plantel profesional del club colonial. Nacido el 28 de marzo de 2001 en Antigua Guatemala, el mediocampista se ha consolidado como una pieza regular del equipo que compite en la Liga Nacional de Guatemala.<\/p>\n\n\n\n<p>Durante su crecimiento futbol\u00edstico, Carbonel tambi\u00e9n pas\u00f3 por etapas de formaci\u00f3n y desarrollo en divisiones menores, incluyendo un per\u00edodo de pr\u00e9stamo para ganar experiencia competitiva antes de regresar al primer equipo.<\/p>\n\n\n\n<figure class=\"wp-block-image size-full\"><img loading=\"lazy\" decoding=\"async\" width=\"700\" height=\"250\" src=\"https:\/\/antiguaesportiva.com\/revista\/wp-content\/uploads\/2025\/12\/Banners-web.png\" alt=\"\" class=\"wp-image-11084\" srcset=\"https:\/\/antiguaesportiva.com\/revista\/wp-content\/uploads\/2025\/12\/Banners-web.png 700w, https:\/\/antiguaesportiva.com\/revista\/wp-content\/uploads\/2025\/12\/Banners-web-300x107.png 300w, https:\/\/antiguaesportiva.com\/revista\/wp-content\/uploads\/2025\/12\/Banners-web-554x198.png 554w\" sizes=\"auto, (max-width: 700px) 100vw, 700px\" \/><\/figure>\n\n\n\n<h2 class=\"wp-block-heading\">Entre el c\u00e9sped y la c\u00e1mara<\/h2>\n\n\n\n<p>M\u00e1s all\u00e1 de su labor en el campo, Carbonel ha encontrado en las redes sociales una plataforma para compartir su d\u00eda a d\u00eda. En la entrevista publicada en YouTube, el futbolista profundiza sobre c\u00f3mo surgi\u00f3 la idea de documentar su vida como jugador profesional, con series como &#8220;Un d\u00eda como futbolista&#8221;, que muestran entrenamientos, preparativos de partido y reflexiones personales para su audiencia digital.<\/p>\n\n\n\n<p>El contenido no se limita a momentos deportivos: el propio Carbonel explica c\u00f3mo el equilibrio entre su carrera en el f\u00fatbol y la comunicaci\u00f3n con sus seguidores lo mantiene motivado, inspirando a j\u00f3venes que buscan combinar el deporte con otras pasiones.<\/p>\n\n\n\n<h2 class=\"wp-block-heading\">Un \u00eddolo en ciernes para la afici\u00f3n<\/h2>\n\n\n\n<p>Mientras Antigua GFC contin\u00faa su camino competitivo en el f\u00fatbol nacional, Carbonel representa a una generaci\u00f3n de futbolistas que no solo brillan en el juego, sino que tambi\u00e9n construyen historias detr\u00e1s de c\u00e1maras. Su compromiso en redes, combinado con su crecimiento profesional dentro del club, muestra un perfil completo de atleta que entiende su rol dentro y fuera de la cancha, con la vista puesta en seguir creciendo.<\/p>\n\n\n\n<p><\/p>\n","protected":false},"excerpt":{"rendered":"<p>Juan Guillermo Carbonel Rivera, de 24 a\u00f1os, ha logrado destacar no solo por su rol como futbolista en Antigua GFC, sino tambi\u00e9n por su presencia en redes sociales, donde documenta su rutina, aspiraciones y vida como jugador profesional. La historia de un \u201cPanza Verde\u201d Desde su debut con el primer equipo de Antigua GFC, Carbonel [&hellip;]<\/p>\n","protected":false},"author":9,"featured_media":11333,"comment_status":"closed","ping_status":"closed","sticky":false,"template":"","format":"standard","meta":{"footnotes":""},"categories":[29],"tags":[47,45,1426,55],"class_list":["post-11332","post","type-post","status-publish","format-standard","has-post-thumbnail","hentry","category-antigua-gfc","tag-antigua-esportiva","tag-antigua-gfc","tag-guillermo-carbonel","tag-liga-nacional-de-futbol-de-guatemala"],"_links":{"self":[{"href":"https:\/\/antiguaesportiva.com\/revista\/wp-json\/wp\/v2\/posts\/11332","targetHints":{"allow":["GET"]}}],"collection":[{"href":"https:\/\/antiguaesportiva.com\/revista\/wp-json\/wp\/v2\/posts"}],"about":[{"href":"https:\/\/antiguaesportiva.com\/revista\/wp-json\/wp\/v2\/types\/post"}],"author":[{"embeddable":true,"href":"https:\/\/antiguaesportiva.com\/revista\/wp-json\/wp\/v2\/users\/9"}],"replies":[{"embeddable":true,"href":"https:\/\/antiguaesportiva.com\/revista\/wp-json\/wp\/v2\/comments?post=11332"}],"version-history":[{"count":1,"href":"https:\/\/antiguaesportiva.com\/revista\/wp-json\/wp\/v2\/posts\/11332\/revisions"}],"predecessor-version":[{"id":11334,"href":"https:\/\/antiguaesportiva.com\/revista\/wp-json\/wp\/v2\/posts\/11332\/revisions\/11334"}],"wp:featuredmedia":[{"embeddable":true,"href":"https:\/\/antiguaesportiva.com\/revista\/wp-json\/wp\/v2\/media\/11333"}],"wp:attachment":[{"href":"https:\/\/antiguaesportiva.com\/revista\/wp-json\/wp\/v2\/media?parent=11332"}],"wp:term":[{"taxonomy":"category","embeddable":true,"href":"https:\/\/antiguaesportiva.com\/revista\/wp-json\/wp\/v2\/categories?post=11332"},{"taxonomy":"post_tag","embeddable":true,"href":"https:\/\/antiguaesportiva.com\/revista\/wp-json\/wp\/v2\/tags?post=11332"}],"curies":[{"name":"wp","href":"https:\/\/api.w.org\/{rel}","templated":true}]}}