{"id":11158,"date":"2025-12-29T14:11:02","date_gmt":"2025-12-29T20:11:02","guid":{"rendered":"https:\/\/antiguaesportiva.com\/revista\/?p=11158"},"modified":"2025-12-29T14:11:03","modified_gmt":"2025-12-29T20:11:03","slug":"roberto-hernandez-asume-el-mando-de-xelaju-mc-y-reflexiona-sobre-su-paso-por-comunicaciones","status":"publish","type":"post","link":"https:\/\/antiguaesportiva.com\/revista\/2025\/12\/29\/roberto-hernandez-asume-el-mando-de-xelaju-mc-y-reflexiona-sobre-su-paso-por-comunicaciones\/","title":{"rendered":"Roberto Hern\u00e1ndez asume el mando de Xelaj\u00fa MC y reflexiona sobre su paso por Comunicaciones"},"content":{"rendered":"\n<p><strong>El estratega mexicano fue presentado oficialmente como nuevo director t\u00e9cnico del primer equipo altense<\/strong><\/p>\n\n\n\n<p>El Club Xelaj\u00fa Mario Camposeco present\u00f3 de manera oficial al profesor Roberto Hern\u00e1ndez como nuevo director t\u00e9cnico del primer equipo, en una conferencia de prensa encabezada por los directivos Jos\u00e9 Carlos L\u00f3pez y Hugo Macario, marcando as\u00ed el inicio de una nueva etapa en el proyecto deportivo del conjunto quetzalteco.<\/p>\n\n\n\n<p>De nacionalidad mexicana, Hern\u00e1ndez llega al banquillo superchivo con una importante trayectoria en la Liga MX y en la Liga Nacional de F\u00fatbol de Guatemala, experiencia que la instituci\u00f3n espera sea clave para fortalecer su estructura futbol\u00edstica y alcanzar los objetivos planteados.<\/p>\n\n\n\n<h3 class=\"wp-block-heading\">\u201cNo hicimos clic con los jugadores\u201d, reconoce sobre su etapa en Cremas<\/h3>\n\n\n\n<p>Durante su presentaci\u00f3n, el estratega fue consultado sobre su reciente paso por Comunicaciones FC, donde dej\u00f3 una reflexi\u00f3n autocr\u00edtica sobre lo ocurrido en el club capitalino.<\/p>\n\n\n\n<p>\u201cLo que pas\u00f3 en cremas lo sigo analizando, algo dejamos de hacer. El equipo crema est\u00e1 en una transici\u00f3n, es un equipo que est\u00e1 ajustando sus econom\u00edas; se fueron jugadores, llegaron otros, pero eso es administrativo. No hicimos clic con los jugadores, aprendimos algunas cosas\u201d, expres\u00f3 Hern\u00e1ndez.<\/p>\n\n\n\n<p>El t\u00e9cnico dej\u00f3 claro que su salida del cuadro crema le dej\u00f3 ense\u00f1anzas importantes, mismas que espera aplicar ahora en su nueva etapa con Xelaj\u00fa MC.<\/p>\n\n\n\n<h3 class=\"wp-block-heading\">Experiencia internacional al servicio del proyecto altense<\/h3>\n\n\n\n<p>La dirigencia de Xelaj\u00fa destac\u00f3 que la llegada de Hern\u00e1ndez responde a la b\u00fasqueda de un entrenador con conocimiento del medio local y visi\u00f3n internacional, capaz de potenciar el rendimiento del plantel y consolidar un proyecto competitivo tanto a nivel nacional como internacional.<\/p>\n\n\n\n<p>El t\u00e9cnico mexicano se mostr\u00f3 motivado y comprometido con el reto, se\u00f1alando que trabajar\u00e1 para devolver al club el protagonismo que hist\u00f3ricamente lo ha caracterizado en el f\u00fatbol guatemalteco.<\/p>\n\n\n\n<h3 class=\"wp-block-heading\">Cuerpo t\u00e9cnico completo para el nuevo proceso<\/h3>\n\n\n\n<p>Roberto Hern\u00e1ndez estar\u00e1 acompa\u00f1ado por un cuerpo t\u00e9cnico de confianza, integrado por Steve Padilla como asistente t\u00e9cnico, Geovany God\u00ednez en la preparaci\u00f3n f\u00edsica y Brayant Chavero como preparador de arqueros, un equipo que buscar\u00e1 implementar una metodolog\u00eda de trabajo s\u00f3lida y moderna.<\/p>\n\n\n\n<p>Con esta presentaci\u00f3n oficial, Xelaj\u00fa MC inicia un nuevo cap\u00edtulo bajo la direcci\u00f3n de Roberto Hern\u00e1ndez, apostando por la experiencia y el aprendizaje como pilares para afrontar los pr\u00f3ximos desaf\u00edos en la Liga Nacional.<\/p>\n","protected":false},"excerpt":{"rendered":"<p>El estratega mexicano fue presentado oficialmente como nuevo director t\u00e9cnico del primer equipo altense El Club Xelaj\u00fa Mario Camposeco present\u00f3 de manera oficial al profesor Roberto Hern\u00e1ndez como nuevo director t\u00e9cnico del primer equipo, en una conferencia de prensa encabezada por los directivos Jos\u00e9 Carlos L\u00f3pez y Hugo Macario, marcando as\u00ed el inicio de una [&hellip;]<\/p>\n","protected":false},"author":9,"featured_media":11159,"comment_status":"closed","ping_status":"closed","sticky":false,"template":"","format":"standard","meta":{"footnotes":""},"categories":[31],"tags":[47,610,55,1381,663,1239],"class_list":["post-11158","post","type-post","status-publish","format-standard","has-post-thumbnail","hentry","category-liga-nacional","tag-antigua-esportiva","tag-apertura-2025","tag-liga-nacional-de-futbol-de-guatemala","tag-nuevo-director-tecnico","tag-roberto-hernandez","tag-xelaju-mc-2"],"_links":{"self":[{"href":"https:\/\/antiguaesportiva.com\/revista\/wp-json\/wp\/v2\/posts\/11158","targetHints":{"allow":["GET"]}}],"collection":[{"href":"https:\/\/antiguaesportiva.com\/revista\/wp-json\/wp\/v2\/posts"}],"about":[{"href":"https:\/\/antiguaesportiva.com\/revista\/wp-json\/wp\/v2\/types\/post"}],"author":[{"embeddable":true,"href":"https:\/\/antiguaesportiva.com\/revista\/wp-json\/wp\/v2\/users\/9"}],"replies":[{"embeddable":true,"href":"https:\/\/antiguaesportiva.com\/revista\/wp-json\/wp\/v2\/comments?post=11158"}],"version-history":[{"count":1,"href":"https:\/\/antiguaesportiva.com\/revista\/wp-json\/wp\/v2\/posts\/11158\/revisions"}],"predecessor-version":[{"id":11160,"href":"https:\/\/antiguaesportiva.com\/revista\/wp-json\/wp\/v2\/posts\/11158\/revisions\/11160"}],"wp:featuredmedia":[{"embeddable":true,"href":"https:\/\/antiguaesportiva.com\/revista\/wp-json\/wp\/v2\/media\/11159"}],"wp:attachment":[{"href":"https:\/\/antiguaesportiva.com\/revista\/wp-json\/wp\/v2\/media?parent=11158"}],"wp:term":[{"taxonomy":"category","embeddable":true,"href":"https:\/\/antiguaesportiva.com\/revista\/wp-json\/wp\/v2\/categories?post=11158"},{"taxonomy":"post_tag","embeddable":true,"href":"https:\/\/antiguaesportiva.com\/revista\/wp-json\/wp\/v2\/tags?post=11158"}],"curies":[{"name":"wp","href":"https:\/\/api.w.org\/{rel}","templated":true}]}}