{"id":11147,"date":"2025-12-28T14:48:35","date_gmt":"2025-12-28T20:48:35","guid":{"rendered":"https:\/\/antiguaesportiva.com\/revista\/?p=11147"},"modified":"2025-12-28T14:48:36","modified_gmt":"2025-12-28T20:48:36","slug":"antigua-gfc-celebra-con-su-gente-el-historico-bicampeonato","status":"publish","type":"post","link":"https:\/\/antiguaesportiva.com\/revista\/2025\/12\/28\/antigua-gfc-celebra-con-su-gente-el-historico-bicampeonato\/","title":{"rendered":"Antigua GFC celebra con su gente el hist\u00f3rico bicampeonato"},"content":{"rendered":"\n<p>La afici\u00f3n colonial toma las calles de La Antigua Guatemala<\/p>\n\n\n\n<p>La pasi\u00f3n del pueblo colonial se hizo sentir este d\u00eda en las calles de La Antigua Guatemala, donde cientos de aficionados de Antigua GFC se congregaron para celebrar junto a su equipo el bicampeonato de la Liga Nacional, conseguido tras vencer a Municipal en la final disputada ayer.<\/p>\n\n\n\n<figure class=\"wp-block-image size-large\"><img loading=\"lazy\" decoding=\"async\" width=\"723\" height=\"1024\" src=\"https:\/\/antiguaesportiva.com\/revista\/wp-content\/uploads\/2025\/10\/IFS-carreras25@4x-723x1024.png\" alt=\"\" class=\"wp-image-10079\" srcset=\"https:\/\/antiguaesportiva.com\/revista\/wp-content\/uploads\/2025\/10\/IFS-carreras25@4x-723x1024.png 723w, https:\/\/antiguaesportiva.com\/revista\/wp-content\/uploads\/2025\/10\/IFS-carreras25@4x-212x300.png 212w, https:\/\/antiguaesportiva.com\/revista\/wp-content\/uploads\/2025\/10\/IFS-carreras25@4x-768x1087.png 768w, https:\/\/antiguaesportiva.com\/revista\/wp-content\/uploads\/2025\/10\/IFS-carreras25@4x-554x784.png 554w, https:\/\/antiguaesportiva.com\/revista\/wp-content\/uploads\/2025\/10\/IFS-carreras25@4x.png 1000w\" sizes=\"auto, (max-width: 723px) 100vw, 723px\" \/><\/figure>\n\n\n\n<h2 class=\"wp-block-heading\">Caravana verde y blanca recorre la ciudad<\/h2>\n\n\n\n<p>Desde tempranas horas, la tradicional caravana de Antigua GFC avanz\u00f3 por los principales sectores de la ciudad, acompa\u00f1ada por c\u00e1nticos, banderas, camisolas y el inconfundible aliento de una afici\u00f3n que no dej\u00f3 de apoyar en ning\u00fan momento. Veh\u00edculos, motocicletas y familias enteras formaron parte de una fiesta que reflej\u00f3 el orgullo colonial.<\/p>\n\n\n\n<h2 class=\"wp-block-heading\">Un t\u00edtulo que reafirma una \u00e9poca dorada<\/h2>\n\n\n\n<p>La victoria ante Municipal no solo signific\u00f3 un nuevo trofeo para las vitrinas del club, sino que consolid\u00f3 a Antigua GFC como bicampe\u00f3n, reafirmando el gran momento deportivo que vive la instituci\u00f3n y el trabajo realizado a lo largo del torneo.<\/p>\n\n\n\n<figure class=\"wp-block-image size-full\"><img loading=\"lazy\" decoding=\"async\" width=\"700\" height=\"250\" src=\"https:\/\/antiguaesportiva.com\/revista\/wp-content\/uploads\/2025\/12\/Banners-web.png\" alt=\"\" class=\"wp-image-11084\" srcset=\"https:\/\/antiguaesportiva.com\/revista\/wp-content\/uploads\/2025\/12\/Banners-web.png 700w, https:\/\/antiguaesportiva.com\/revista\/wp-content\/uploads\/2025\/12\/Banners-web-300x107.png 300w, https:\/\/antiguaesportiva.com\/revista\/wp-content\/uploads\/2025\/12\/Banners-web-554x198.png 554w\" sizes=\"auto, (max-width: 700px) 100vw, 700px\" \/><\/figure>\n\n\n\n<h2 class=\"wp-block-heading\">Celebraci\u00f3n junto a quienes nunca dejaron de creer<\/h2>\n\n\n\n<p>Jugadores, cuerpo t\u00e9cnico y directivos compartieron este triunfo con su afici\u00f3n, agradeciendo el respaldo constante durante toda la temporada. La comuni\u00f3n entre equipo e hinchada volvi\u00f3 a quedar demostrada en una celebraci\u00f3n cargada de emoci\u00f3n, orgullo y sentido de pertenencia.<\/p>\n\n\n\n<h2 class=\"wp-block-heading\">Antigua GFC y su gente, una sola voz<\/h2>\n\n\n\n<p>La jornada festiva dej\u00f3 claro que Antigua GFC no solo gana t\u00edtulos en la cancha, sino tambi\u00e9n en las gradas y en las calles, donde su afici\u00f3n contin\u00faa siendo un pilar fundamental en esta etapa hist\u00f3rica del club colonial.<\/p>\n","protected":false},"excerpt":{"rendered":"<p>La afici\u00f3n colonial toma las calles de La Antigua Guatemala La pasi\u00f3n del pueblo colonial se hizo sentir este d\u00eda en las calles de La Antigua Guatemala, donde cientos de aficionados de Antigua GFC se congregaron para celebrar junto a su equipo el bicampeonato de la Liga Nacional, conseguido tras vencer a Municipal en la [&hellip;]<\/p>\n","protected":false},"author":9,"featured_media":11148,"comment_status":"closed","ping_status":"closed","sticky":false,"template":"","format":"standard","meta":{"footnotes":""},"categories":[29],"tags":[1377,1376,47,45,55,611],"class_list":["post-11147","post","type-post","status-publish","format-standard","has-post-thumbnail","hentry","category-antigua-gfc","tag-aficion-antiguena","tag-antigua-bicampeon","tag-antigua-esportiva","tag-antigua-gfc","tag-liga-nacional-de-futbol-de-guatemala","tag-torneo-apertura-2025"],"_links":{"self":[{"href":"https:\/\/antiguaesportiva.com\/revista\/wp-json\/wp\/v2\/posts\/11147","targetHints":{"allow":["GET"]}}],"collection":[{"href":"https:\/\/antiguaesportiva.com\/revista\/wp-json\/wp\/v2\/posts"}],"about":[{"href":"https:\/\/antiguaesportiva.com\/revista\/wp-json\/wp\/v2\/types\/post"}],"author":[{"embeddable":true,"href":"https:\/\/antiguaesportiva.com\/revista\/wp-json\/wp\/v2\/users\/9"}],"replies":[{"embeddable":true,"href":"https:\/\/antiguaesportiva.com\/revista\/wp-json\/wp\/v2\/comments?post=11147"}],"version-history":[{"count":1,"href":"https:\/\/antiguaesportiva.com\/revista\/wp-json\/wp\/v2\/posts\/11147\/revisions"}],"predecessor-version":[{"id":11149,"href":"https:\/\/antiguaesportiva.com\/revista\/wp-json\/wp\/v2\/posts\/11147\/revisions\/11149"}],"wp:featuredmedia":[{"embeddable":true,"href":"https:\/\/antiguaesportiva.com\/revista\/wp-json\/wp\/v2\/media\/11148"}],"wp:attachment":[{"href":"https:\/\/antiguaesportiva.com\/revista\/wp-json\/wp\/v2\/media?parent=11147"}],"wp:term":[{"taxonomy":"category","embeddable":true,"href":"https:\/\/antiguaesportiva.com\/revista\/wp-json\/wp\/v2\/categories?post=11147"},{"taxonomy":"post_tag","embeddable":true,"href":"https:\/\/antiguaesportiva.com\/revista\/wp-json\/wp\/v2\/tags?post=11147"}],"curies":[{"name":"wp","href":"https:\/\/api.w.org\/{rel}","templated":true}]}}