{"id":11112,"date":"2025-12-26T14:15:51","date_gmt":"2025-12-26T20:15:51","guid":{"rendered":"https:\/\/antiguaesportiva.com\/revista\/?p=11112"},"modified":"2025-12-26T14:15:52","modified_gmt":"2025-12-26T20:15:52","slug":"comunicaciones-fc-destituye-a-ivan-franco-sopegno-tras-un-apertura-2025-desastroso","status":"publish","type":"post","link":"https:\/\/antiguaesportiva.com\/revista\/2025\/12\/26\/comunicaciones-fc-destituye-a-ivan-franco-sopegno-tras-un-apertura-2025-desastroso\/","title":{"rendered":"Comunicaciones FC destituye a Iv\u00e1n Franco Sopegno tras un Apertura 2025 desastroso"},"content":{"rendered":"\n<h3 class=\"wp-block-heading\">La dirigencia crema decide el cambio de tim\u00f3n<\/h3>\n\n\n\n<p>Comunicaciones FC ha anunciado oficialmente la destituci\u00f3n de Iv\u00e1n Franco Sopegno como director t\u00e9cnico del primer equipo, luego de una campa\u00f1a profundamente irregular que termin\u00f3 con el club fuera de la fase final y en la \u00faltima posici\u00f3n de la liguilla del Apertura 2025. <\/p>\n\n\n\n<figure class=\"wp-block-image size-full is-resized\"><img loading=\"lazy\" decoding=\"async\" width=\"700\" height=\"250\" src=\"https:\/\/antiguaesportiva.com\/revista\/wp-content\/uploads\/2025\/12\/fisiocas-web.png\" alt=\"\" class=\"wp-image-11081\" style=\"width:398px;height:auto\" srcset=\"https:\/\/antiguaesportiva.com\/revista\/wp-content\/uploads\/2025\/12\/fisiocas-web.png 700w, https:\/\/antiguaesportiva.com\/revista\/wp-content\/uploads\/2025\/12\/fisiocas-web-300x107.png 300w, https:\/\/antiguaesportiva.com\/revista\/wp-content\/uploads\/2025\/12\/fisiocas-web-554x198.png 554w\" sizes=\"auto, (max-width: 700px) 100vw, 700px\" \/><\/figure>\n\n\n\n<h3 class=\"wp-block-heading\">Un torneo marcado por la inconsistencia<\/h3>\n\n\n\n<p>Durante el transcurso del certamen, el club capitalino mostr\u00f3 un rendimiento por debajo de los est\u00e1ndares hist\u00f3ricos que caracterizan a la instituci\u00f3n. Comunicaciones cerr\u00f3 el torneo en el fondo de la liguilla, quedando fuera de la clasificaci\u00f3n sin discusi\u00f3n debido a resultados insuficientes y una falta de cohesi\u00f3n evidente tanto en el aspecto colectivo como individual. <\/p>\n\n\n\n<h3 class=\"wp-block-heading\">Falta de reacci\u00f3n en momentos clave<\/h3>\n\n\n\n<p>El an\u00e1lisis del desempe\u00f1o se\u00f1ala que el equipo sufri\u00f3 de desconcentraciones defensivas, escasa profundidad ofensiva y una posesi\u00f3n sin peso que nunca logr\u00f3 traducirse en respuestas positivas dentro de la cancha. Este c\u00famulo de factores termin\u00f3 por costarle al club oportunidades valiosas para escalar posiciones y competir por un lugar en la fase final.<\/p>\n\n\n\n<figure class=\"wp-block-image size-full is-resized\"><img loading=\"lazy\" decoding=\"async\" width=\"700\" height=\"250\" src=\"https:\/\/antiguaesportiva.com\/revista\/wp-content\/uploads\/2025\/12\/Banners-web.png\" alt=\"\" class=\"wp-image-11084\" style=\"width:465px;height:auto\" srcset=\"https:\/\/antiguaesportiva.com\/revista\/wp-content\/uploads\/2025\/12\/Banners-web.png 700w, https:\/\/antiguaesportiva.com\/revista\/wp-content\/uploads\/2025\/12\/Banners-web-300x107.png 300w, https:\/\/antiguaesportiva.com\/revista\/wp-content\/uploads\/2025\/12\/Banners-web-554x198.png 554w\" sizes=\"auto, (max-width: 700px) 100vw, 700px\" \/><\/figure>\n\n\n\n<h3 class=\"wp-block-heading\">Crisis institucional y presi\u00f3n de la afici\u00f3n<\/h3>\n\n\n\n<p>La ca\u00edda en el rendimiento no solo se reflej\u00f3 en los resultados, sino tambi\u00e9n en la presi\u00f3n creciente sobre el cuerpo t\u00e9cnico y los jugadores. El bajo rendimiento del equipo ha generado cr\u00edticas de la afici\u00f3n y una sensaci\u00f3n de urgencia en la directiva para replantear la estrategia deportiva de cara al pr\u00f3ximo torneo. <\/p>\n\n\n\n<h3 class=\"wp-block-heading\">Mirando al futuro<\/h3>\n\n\n\n<p>Con la salida de Sopegno, Comunicaciones se encuentra en un proceso de b\u00fasqueda de nuevo entrenador y reconstrucci\u00f3n de proyecto futbol\u00edstico, en busca de recuperar la competitividad hist\u00f3rica que ha caracterizado al club en el f\u00fatbol guatemalteco. La instituci\u00f3n deber\u00e1 definir pronto un nuevo rumbo para intentar revertir su mala racha y volver a ser protagonista en los torneos venideros.<\/p>\n\n\n\n<figure class=\"wp-block-image size-large is-resized\"><img loading=\"lazy\" decoding=\"async\" width=\"723\" height=\"1024\" src=\"https:\/\/antiguaesportiva.com\/revista\/wp-content\/uploads\/2025\/10\/IFS-carreras25@4x-723x1024.png\" alt=\"\" class=\"wp-image-10079\" style=\"aspect-ratio:0.7060609759819331;width:333px;height:auto\" srcset=\"https:\/\/antiguaesportiva.com\/revista\/wp-content\/uploads\/2025\/10\/IFS-carreras25@4x-723x1024.png 723w, https:\/\/antiguaesportiva.com\/revista\/wp-content\/uploads\/2025\/10\/IFS-carreras25@4x-212x300.png 212w, https:\/\/antiguaesportiva.com\/revista\/wp-content\/uploads\/2025\/10\/IFS-carreras25@4x-768x1087.png 768w, https:\/\/antiguaesportiva.com\/revista\/wp-content\/uploads\/2025\/10\/IFS-carreras25@4x-554x784.png 554w, https:\/\/antiguaesportiva.com\/revista\/wp-content\/uploads\/2025\/10\/IFS-carreras25@4x.png 1000w\" sizes=\"auto, (max-width: 723px) 100vw, 723px\" \/><\/figure>\n","protected":false},"excerpt":{"rendered":"<p>La dirigencia crema decide el cambio de tim\u00f3n Comunicaciones FC ha anunciado oficialmente la destituci\u00f3n de Iv\u00e1n Franco Sopegno como director t\u00e9cnico del primer equipo, luego de una campa\u00f1a profundamente irregular que termin\u00f3 con el club fuera de la fase final y en la \u00faltima posici\u00f3n de la liguilla del Apertura 2025. Un torneo marcado [&hellip;]<\/p>\n","protected":false},"author":9,"featured_media":11113,"comment_status":"closed","ping_status":"closed","sticky":false,"template":"","format":"standard","meta":{"footnotes":""},"categories":[31],"tags":[47,225,929,55,611,1361],"class_list":["post-11112","post","type-post","status-publish","format-standard","has-post-thumbnail","hentry","category-liga-nacional","tag-antigua-esportiva","tag-comunicaciones","tag-ivan-franco-sopegno","tag-liga-nacional-de-futbol-de-guatemala","tag-torneo-apertura-2025","tag-torneo-clausura-2026"],"_links":{"self":[{"href":"https:\/\/antiguaesportiva.com\/revista\/wp-json\/wp\/v2\/posts\/11112","targetHints":{"allow":["GET"]}}],"collection":[{"href":"https:\/\/antiguaesportiva.com\/revista\/wp-json\/wp\/v2\/posts"}],"about":[{"href":"https:\/\/antiguaesportiva.com\/revista\/wp-json\/wp\/v2\/types\/post"}],"author":[{"embeddable":true,"href":"https:\/\/antiguaesportiva.com\/revista\/wp-json\/wp\/v2\/users\/9"}],"replies":[{"embeddable":true,"href":"https:\/\/antiguaesportiva.com\/revista\/wp-json\/wp\/v2\/comments?post=11112"}],"version-history":[{"count":1,"href":"https:\/\/antiguaesportiva.com\/revista\/wp-json\/wp\/v2\/posts\/11112\/revisions"}],"predecessor-version":[{"id":11114,"href":"https:\/\/antiguaesportiva.com\/revista\/wp-json\/wp\/v2\/posts\/11112\/revisions\/11114"}],"wp:featuredmedia":[{"embeddable":true,"href":"https:\/\/antiguaesportiva.com\/revista\/wp-json\/wp\/v2\/media\/11113"}],"wp:attachment":[{"href":"https:\/\/antiguaesportiva.com\/revista\/wp-json\/wp\/v2\/media?parent=11112"}],"wp:term":[{"taxonomy":"category","embeddable":true,"href":"https:\/\/antiguaesportiva.com\/revista\/wp-json\/wp\/v2\/categories?post=11112"},{"taxonomy":"post_tag","embeddable":true,"href":"https:\/\/antiguaesportiva.com\/revista\/wp-json\/wp\/v2\/tags?post=11112"}],"curies":[{"name":"wp","href":"https:\/\/api.w.org\/{rel}","templated":true}]}}