{"id":10837,"date":"2025-12-09T13:08:53","date_gmt":"2025-12-09T19:08:53","guid":{"rendered":"https:\/\/antiguaesportiva.com\/revista\/?p=10837"},"modified":"2025-12-09T13:08:54","modified_gmt":"2025-12-09T19:08:54","slug":"marquense-sacude-su-plantel-bajas-oficiales-y-nuevo-refuerzo-internacional","status":"publish","type":"post","link":"https:\/\/antiguaesportiva.com\/revista\/2025\/12\/09\/marquense-sacude-su-plantel-bajas-oficiales-y-nuevo-refuerzo-internacional\/","title":{"rendered":"MARQUENSE SACUDE SU PLANTEL: BAJAS OFICIALES Y NUEVO REFUERZO INTERNACIONAL"},"content":{"rendered":"\n<p><strong>El club leon\u00e9s anuncia bajas importantes y suma un nuevo refuerzo internacional<\/strong><\/p>\n\n\n\n<p>El Club Deportivo Marquense contin\u00faa moviendo piezas en su plantel con el objetivo de fortalecer su propuesta deportiva para la siguiente temporada. La instituci\u00f3n ha oficializado varias bajas dentro del equipo, al mismo tiempo que anunci\u00f3 la incorporaci\u00f3n de un nuevo jugador extranjero que buscar\u00e1 aportar dinamismo y desequilibrio en el ataque.<\/p>\n\n\n\n<figure class=\"wp-block-image size-large is-resized\"><img loading=\"lazy\" decoding=\"async\" width=\"723\" height=\"1024\" src=\"https:\/\/antiguaesportiva.com\/revista\/wp-content\/uploads\/2025\/10\/IFS-carreras25@4x-723x1024.png\" alt=\"\" class=\"wp-image-10079\" style=\"width:554px;height:auto\" srcset=\"https:\/\/antiguaesportiva.com\/revista\/wp-content\/uploads\/2025\/10\/IFS-carreras25@4x-723x1024.png 723w, https:\/\/antiguaesportiva.com\/revista\/wp-content\/uploads\/2025\/10\/IFS-carreras25@4x-212x300.png 212w, https:\/\/antiguaesportiva.com\/revista\/wp-content\/uploads\/2025\/10\/IFS-carreras25@4x-768x1087.png 768w, https:\/\/antiguaesportiva.com\/revista\/wp-content\/uploads\/2025\/10\/IFS-carreras25@4x-554x784.png 554w, https:\/\/antiguaesportiva.com\/revista\/wp-content\/uploads\/2025\/10\/IFS-carreras25@4x.png 1000w\" sizes=\"auto, (max-width: 723px) 100vw, 723px\" \/><\/figure>\n\n\n\n<h2 class=\"wp-block-heading\">SALIDAS CONFIRMADAS EN LA PLANTILLA<\/h2>\n\n\n\n<p>La dirigencia marquense comunic\u00f3 la desvinculaci\u00f3n de tres futbolistas que formaron parte del club en la \u00faltima campa\u00f1a. Las bajas son:<\/p>\n\n\n\n<ul class=\"wp-block-list\">\n<li><strong>Josman Gonzales<\/strong>, quien deja el equipo tras su etapa en la instituci\u00f3n.<\/li>\n\n\n\n<li><strong>Selvin Barlovento<\/strong>, jugador que aport\u00f3 en distintas fases del torneo, pero que no continuar\u00e1 en el proyecto.<\/li>\n\n\n\n<li><strong><strong>Luis Z\u00fa\u00f1iga<\/strong><\/strong>, otro de los nombres que no seguir\u00e1 en el plantel para el pr\u00f3ximo ciclo.<\/li>\n<\/ul>\n\n\n\n<p>Estas salidas responden al proceso de reestructuraci\u00f3n que el club ha emprendido para encarar con mayor competitividad los retos venideros.<\/p>\n\n\n\n<h2 class=\"wp-block-heading\">UN NUEVO REFUERZO INTERNACIONAL LLEGA A LOS LEONES<\/h2>\n\n\n\n<p>Junto con las bajas, Marquense tambi\u00e9n anunci\u00f3 la incorporaci\u00f3n de Rafael Lutkowski, extremo derecho de nacionalidad italo-brasile\u00f1a, quien se suma al equipo con la expectativa de reforzar el ataque.<br>Lutkowski llega con caracter\u00edsticas de velocidad, uno contra uno y capacidad de romper l\u00edneas, atributos que el cuerpo t\u00e9cnico considera fundamentales para diversificar las variantes ofensivas del conjunto occidental.<\/p>\n\n\n\n<h2 class=\"wp-block-heading\">Lo que se espera del nuevo Marquense<\/h2>\n\n\n\n<p>Con estas modificaciones, la directiva busca refrescar el plantel y construir un equipo m\u00e1s competitivo. El club apuesta por un proyecto que combine juventud, experiencia y mayor dinamismo en ofensiva, con el objetivo de tener una temporada m\u00e1s s\u00f3lida y pelear puestos importantes en la tabla.<\/p>\n","protected":false},"excerpt":{"rendered":"<p>El club leon\u00e9s anuncia bajas importantes y suma un nuevo refuerzo internacional El Club Deportivo Marquense contin\u00faa moviendo piezas en su plantel con el objetivo de fortalecer su propuesta deportiva para la siguiente temporada. La instituci\u00f3n ha oficializado varias bajas dentro del equipo, al mismo tiempo que anunci\u00f3 la incorporaci\u00f3n de un nuevo jugador extranjero [&hellip;]<\/p>\n","protected":false},"author":9,"featured_media":10838,"comment_status":"closed","ping_status":"closed","sticky":false,"template":"","format":"standard","meta":{"footnotes":""},"categories":[31],"tags":[47,1248,1246,1249,56,55,1251,1250],"class_list":["post-10837","post","type-post","status-publish","format-standard","has-post-thumbnail","hentry","category-liga-nacional","tag-antigua-esportiva","tag-bajas-y-altas-oficiales","tag-club-deportivo-marquense","tag-josman-gonzales","tag-liga-nacional","tag-liga-nacional-de-futbol-de-guatemala","tag-luis-zuniga","tag-selvin-barlovento"],"_links":{"self":[{"href":"https:\/\/antiguaesportiva.com\/revista\/wp-json\/wp\/v2\/posts\/10837","targetHints":{"allow":["GET"]}}],"collection":[{"href":"https:\/\/antiguaesportiva.com\/revista\/wp-json\/wp\/v2\/posts"}],"about":[{"href":"https:\/\/antiguaesportiva.com\/revista\/wp-json\/wp\/v2\/types\/post"}],"author":[{"embeddable":true,"href":"https:\/\/antiguaesportiva.com\/revista\/wp-json\/wp\/v2\/users\/9"}],"replies":[{"embeddable":true,"href":"https:\/\/antiguaesportiva.com\/revista\/wp-json\/wp\/v2\/comments?post=10837"}],"version-history":[{"count":1,"href":"https:\/\/antiguaesportiva.com\/revista\/wp-json\/wp\/v2\/posts\/10837\/revisions"}],"predecessor-version":[{"id":10839,"href":"https:\/\/antiguaesportiva.com\/revista\/wp-json\/wp\/v2\/posts\/10837\/revisions\/10839"}],"wp:featuredmedia":[{"embeddable":true,"href":"https:\/\/antiguaesportiva.com\/revista\/wp-json\/wp\/v2\/media\/10838"}],"wp:attachment":[{"href":"https:\/\/antiguaesportiva.com\/revista\/wp-json\/wp\/v2\/media?parent=10837"}],"wp:term":[{"taxonomy":"category","embeddable":true,"href":"https:\/\/antiguaesportiva.com\/revista\/wp-json\/wp\/v2\/categories?post=10837"},{"taxonomy":"post_tag","embeddable":true,"href":"https:\/\/antiguaesportiva.com\/revista\/wp-json\/wp\/v2\/tags?post=10837"}],"curies":[{"name":"wp","href":"https:\/\/api.w.org\/{rel}","templated":true}]}}