{"id":10760,"date":"2025-12-06T12:49:42","date_gmt":"2025-12-06T18:49:42","guid":{"rendered":"https:\/\/antiguaesportiva.com\/revista\/?p=10760"},"modified":"2025-12-06T12:49:43","modified_gmt":"2025-12-06T18:49:43","slug":"selvin-sagastume-brillante-doblete-y-redencion-en-su-reencuentro-con-la-seleccion-sub-19","status":"publish","type":"post","link":"https:\/\/antiguaesportiva.com\/revista\/2025\/12\/06\/selvin-sagastume-brillante-doblete-y-redencion-en-su-reencuentro-con-la-seleccion-sub-19\/","title":{"rendered":"Selvin Sagastume: Brillante doblete y redenci\u00f3n en su reencuentro con la Selecci\u00f3n Sub-19"},"content":{"rendered":"\n<h3 class=\"wp-block-heading\">Regreso esperado: de pol\u00e9mica a protagonismo<\/h3>\n\n\n\n<p>Despu\u00e9s de un episodio complicado con Antigua GFC y la FEDEFUT \u2014cuando por una decisi\u00f3n del club no fue cedido a la Selecci\u00f3n Sub-20 y recibi\u00f3 una sanci\u00f3n provisional\u2014 Sagastume logr\u00f3 dar vuelta la p\u00e1gina y volver con fuerza. <\/p>\n\n\n\n<p>Su reincorporaci\u00f3n al combinado juvenil no solo marc\u00f3 el fin del impasse, sino tambi\u00e9n el inicio de una nueva oportunidad para reivindicarse y demostrar su talento con la camiseta nacional.<\/p>\n\n\n\n<figure class=\"wp-block-image size-large\"><img loading=\"lazy\" decoding=\"async\" width=\"723\" height=\"1024\" src=\"https:\/\/antiguaesportiva.com\/revista\/wp-content\/uploads\/2025\/10\/IFS-carreras25@4x-723x1024.png\" alt=\"\" class=\"wp-image-10079\" srcset=\"https:\/\/antiguaesportiva.com\/revista\/wp-content\/uploads\/2025\/10\/IFS-carreras25@4x-723x1024.png 723w, https:\/\/antiguaesportiva.com\/revista\/wp-content\/uploads\/2025\/10\/IFS-carreras25@4x-212x300.png 212w, https:\/\/antiguaesportiva.com\/revista\/wp-content\/uploads\/2025\/10\/IFS-carreras25@4x-768x1087.png 768w, https:\/\/antiguaesportiva.com\/revista\/wp-content\/uploads\/2025\/10\/IFS-carreras25@4x-554x784.png 554w, https:\/\/antiguaesportiva.com\/revista\/wp-content\/uploads\/2025\/10\/IFS-carreras25@4x.png 1000w\" sizes=\"auto, (max-width: 723px) 100vw, 723px\" \/><\/figure>\n\n\n\n<h3 class=\"wp-block-heading\">Una noche redonda: doblete y autoridad sobre el c\u00e9sped<\/h3>\n\n\n\n<p>En el partido de debut de la Sub-19 guatemalteca en el torneo internacional, Sagastume no tard\u00f3 en dejar su huella:<\/p>\n\n\n\n<ul class=\"wp-block-list\">\n<li>Al minuto <strong>48\u2019<\/strong>, abri\u00f3 el marcador con un remate certero que adelant\u00f3 a Guatemala.<\/li>\n\n\n\n<li>Solo nueve minutos despu\u00e9s, al <strong>57\u2019<\/strong>, ampli\u00f3 la ventaja con una segunda anotaci\u00f3n, sentenciando con efectividad su regreso triunfal.<\/li>\n<\/ul>\n\n\n\n<p>La actuaci\u00f3n del mediocampista fue determinante: aport\u00f3 desequilibrio, acompa\u00f1amiento ofensivo y puso al equipo arriba con solvencia.<\/p>\n\n\n\n<h3 class=\"wp-block-heading\">De promesa a referente juvenil<\/h3>\n\n\n\n<p>La trayectoria de Sagastume demuestra su talento desde muy joven: con apenas 14 a\u00f1os se convirti\u00f3 en el goleador m\u00e1s joven en anotar en la m\u00e1xima categor\u00eda del f\u00fatbol guatemalteco con Antigua GFC. <\/p>\n\n\n\n<p>Ese historial, sumado a su reciente desempe\u00f1o con la Sub-19, confirma que su potencial no era casualidad. Esta noche, dej\u00f3 claro que est\u00e1 listo para asumir responsabilidades mayores y convertirse en uno de los referentes de la generaci\u00f3n juvenil.<\/p>\n\n\n\n<h3 class=\"wp-block-heading\">Redenci\u00f3n y nueva oportunidad para brillar<\/h3>\n\n\n\n<p>Lo sucedido con su sanci\u00f3n hace unas semanas planteaba dudas sobre su futuro inmediato. Sin embargo, su actuaci\u00f3n demuestra que el talento y la determinaci\u00f3n pueden m\u00e1s que los problemas extra-cancha.<\/p>\n\n\n\n<p>Este doblete no solo ayuda a encaminar a Guatemala en el torneo, sino que representa un mensaje claro: Sagastume est\u00e1 de regreso, con hambre de triunfo y decidido a escribir una historia importante.<\/p>\n","protected":false},"excerpt":{"rendered":"<p>Regreso esperado: de pol\u00e9mica a protagonismo Despu\u00e9s de un episodio complicado con Antigua GFC y la FEDEFUT \u2014cuando por una decisi\u00f3n del club no fue cedido a la Selecci\u00f3n Sub-20 y recibi\u00f3 una sanci\u00f3n provisional\u2014 Sagastume logr\u00f3 dar vuelta la p\u00e1gina y volver con fuerza. Su reincorporaci\u00f3n al combinado juvenil no solo marc\u00f3 el fin [&hellip;]<\/p>\n","protected":false},"author":9,"featured_media":10762,"comment_status":"closed","ping_status":"closed","sticky":false,"template":"","format":"standard","meta":{"footnotes":""},"categories":[35],"tags":[47,45,610,492,1184],"class_list":["post-10760","post","type-post","status-publish","format-standard","has-post-thumbnail","hentry","category-seleccion-nacional","tag-antigua-esportiva","tag-antigua-gfc","tag-apertura-2025","tag-fedefut","tag-selvin-sagastume"],"_links":{"self":[{"href":"https:\/\/antiguaesportiva.com\/revista\/wp-json\/wp\/v2\/posts\/10760","targetHints":{"allow":["GET"]}}],"collection":[{"href":"https:\/\/antiguaesportiva.com\/revista\/wp-json\/wp\/v2\/posts"}],"about":[{"href":"https:\/\/antiguaesportiva.com\/revista\/wp-json\/wp\/v2\/types\/post"}],"author":[{"embeddable":true,"href":"https:\/\/antiguaesportiva.com\/revista\/wp-json\/wp\/v2\/users\/9"}],"replies":[{"embeddable":true,"href":"https:\/\/antiguaesportiva.com\/revista\/wp-json\/wp\/v2\/comments?post=10760"}],"version-history":[{"count":1,"href":"https:\/\/antiguaesportiva.com\/revista\/wp-json\/wp\/v2\/posts\/10760\/revisions"}],"predecessor-version":[{"id":10763,"href":"https:\/\/antiguaesportiva.com\/revista\/wp-json\/wp\/v2\/posts\/10760\/revisions\/10763"}],"wp:featuredmedia":[{"embeddable":true,"href":"https:\/\/antiguaesportiva.com\/revista\/wp-json\/wp\/v2\/media\/10762"}],"wp:attachment":[{"href":"https:\/\/antiguaesportiva.com\/revista\/wp-json\/wp\/v2\/media?parent=10760"}],"wp:term":[{"taxonomy":"category","embeddable":true,"href":"https:\/\/antiguaesportiva.com\/revista\/wp-json\/wp\/v2\/categories?post=10760"},{"taxonomy":"post_tag","embeddable":true,"href":"https:\/\/antiguaesportiva.com\/revista\/wp-json\/wp\/v2\/tags?post=10760"}],"curies":[{"name":"wp","href":"https:\/\/api.w.org\/{rel}","templated":true}]}}