{"id":10614,"date":"2025-11-26T16:07:57","date_gmt":"2025-11-26T22:07:57","guid":{"rendered":"https:\/\/antiguaesportiva.com\/revista\/?p=10614"},"modified":"2025-11-26T16:07:58","modified_gmt":"2025-11-26T22:07:58","slug":"fedefut-suspende-provisionalmente-a-selvin-sagastume-y-analiza-actuacion-de-antigua-gfc","status":"publish","type":"post","link":"https:\/\/antiguaesportiva.com\/revista\/2025\/11\/26\/fedefut-suspende-provisionalmente-a-selvin-sagastume-y-analiza-actuacion-de-antigua-gfc\/","title":{"rendered":"FEDEFUT suspende provisionalmente a Selvin Sagastume y analiza actuaci\u00f3n de Antigua GFC"},"content":{"rendered":"\n<p>La Federaci\u00f3n Nacional de F\u00fatbol de Guatemala (FEDEFUT) emiti\u00f3 la Resoluci\u00f3n No. SGA-084-2025, en la cual determina la suspensi\u00f3n provisional del futbolista Selvin Sa\u00fal Sagastume Morales, luego de que no asistiera a una convocatoria de la Selecci\u00f3n Nacional Sub-20. Adem\u00e1s, la Federaci\u00f3n inici\u00f3 un procedimiento administrativo para revisar el actuar del Club Antigua GFC, tras no liberar al jugador para el micro ciclo de trabajo.<\/p>\n\n\n\n<h2 class=\"wp-block-heading\">La no asistencia al micro ciclo genera el conflicto<\/h2>\n\n\n\n<p>Seg\u00fan la resoluci\u00f3n, los d\u00edas 24 y 25 de noviembre de 2025, el jugador Selvin Sagastume no se present\u00f3 al llamado oficial realizado por el Director T\u00e9cnico de la Selecci\u00f3n Sub-20 Masculina.La FEDEFUT adjunta una nota del 23 de noviembre, enviada por Antigua GFC, en la que se informaba que el futbolista no acudir\u00eda debido a que el club se encontraba en fase final del torneo de Liga Nacional.<\/p>\n\n\n\n<p>La Federaci\u00f3n recalca que, conforme a su reglamentaci\u00f3n interna y lo dispuesto por FIFA, los clubes deben liberar a los jugadores convocados a Selecci\u00f3n Nacional, sin posibilidad de acuerdos que contradigan esta obligaci\u00f3n.<\/p>\n\n\n\n<h2 class=\"wp-block-heading\">FEDEFUT califica como incumplimiento grave<\/h2>\n\n\n\n<p>El documento enfatiza que negarse a liberar jugadores para micro ciclos, entrenamientos oficiales o preparaci\u00f3n de partidos constituye un incumplimiento grave, tanto para los clubes como para los futbolistas elegibles e inscritos en federaciones avaladas por FIFA.<\/p>\n\n\n\n<h2 class=\"wp-block-heading\">El futuro de Sagastume se complica en club y selecci\u00f3n<\/h2>\n\n\n\n<p>La situaci\u00f3n de Selvin Sagastume, quien adem\u00e1s se desempe\u00f1aba como capit\u00e1n de la Selecci\u00f3n Sub-20, adquiere un matiz a\u00fan m\u00e1s delicado. El futbolista ven\u00eda construyendo una temporada s\u00f3lida con Antigua GFC y su liderazgo dentro del proceso juvenil de la Selecci\u00f3n era considerado clave para el cuerpo t\u00e9cnico. Sin embargo, la suspensi\u00f3n provisional impuesta por FEDEFUT podr\u00eda afectar tanto su continuidad en el torneo local como su rol dentro del combinado nacional. Este escenario no solo interrumpe su proyecci\u00f3n inmediata, sino que tambi\u00e9n genera incertidumbre sobre su lugar en futuros micro ciclos y competencias internacionales, en un momento crucial dentro de su desarrollo como jugador juvenil.<\/p>\n","protected":false},"excerpt":{"rendered":"<p>La Federaci\u00f3n Nacional de F\u00fatbol de Guatemala (FEDEFUT) emiti\u00f3 la Resoluci\u00f3n No. SGA-084-2025, en la cual determina la suspensi\u00f3n provisional del futbolista Selvin Sa\u00fal Sagastume Morales, luego de que no asistiera a una convocatoria de la Selecci\u00f3n Nacional Sub-20. Adem\u00e1s, la Federaci\u00f3n inici\u00f3 un procedimiento administrativo para revisar el actuar del Club Antigua GFC, tras [&hellip;]<\/p>\n","protected":false},"author":9,"featured_media":10615,"comment_status":"closed","ping_status":"closed","sticky":false,"template":"","format":"standard","meta":{"footnotes":""},"categories":[35],"tags":[47,291,55,455,1185,1184],"class_list":["post-10614","post","type-post","status-publish","format-standard","has-post-thumbnail","hentry","category-seleccion-nacional","tag-antigua-esportiva","tag-guatemala","tag-liga-nacional-de-futbol-de-guatemala","tag-seleccion-de-guatemala","tag-seleccion-sub20","tag-selvin-sagastume"],"_links":{"self":[{"href":"https:\/\/antiguaesportiva.com\/revista\/wp-json\/wp\/v2\/posts\/10614","targetHints":{"allow":["GET"]}}],"collection":[{"href":"https:\/\/antiguaesportiva.com\/revista\/wp-json\/wp\/v2\/posts"}],"about":[{"href":"https:\/\/antiguaesportiva.com\/revista\/wp-json\/wp\/v2\/types\/post"}],"author":[{"embeddable":true,"href":"https:\/\/antiguaesportiva.com\/revista\/wp-json\/wp\/v2\/users\/9"}],"replies":[{"embeddable":true,"href":"https:\/\/antiguaesportiva.com\/revista\/wp-json\/wp\/v2\/comments?post=10614"}],"version-history":[{"count":1,"href":"https:\/\/antiguaesportiva.com\/revista\/wp-json\/wp\/v2\/posts\/10614\/revisions"}],"predecessor-version":[{"id":10616,"href":"https:\/\/antiguaesportiva.com\/revista\/wp-json\/wp\/v2\/posts\/10614\/revisions\/10616"}],"wp:featuredmedia":[{"embeddable":true,"href":"https:\/\/antiguaesportiva.com\/revista\/wp-json\/wp\/v2\/media\/10615"}],"wp:attachment":[{"href":"https:\/\/antiguaesportiva.com\/revista\/wp-json\/wp\/v2\/media?parent=10614"}],"wp:term":[{"taxonomy":"category","embeddable":true,"href":"https:\/\/antiguaesportiva.com\/revista\/wp-json\/wp\/v2\/categories?post=10614"},{"taxonomy":"post_tag","embeddable":true,"href":"https:\/\/antiguaesportiva.com\/revista\/wp-json\/wp\/v2\/tags?post=10614"}],"curies":[{"name":"wp","href":"https:\/\/api.w.org\/{rel}","templated":true}]}}