{"id":10360,"date":"2025-11-10T10:56:47","date_gmt":"2025-11-10T16:56:47","guid":{"rendered":"https:\/\/antiguaesportiva.com\/revista\/?p=10360"},"modified":"2025-11-10T10:56:48","modified_gmt":"2025-11-10T16:56:48","slug":"guatemala-se-prepara-con-intensidad-para-enfrentar-a-panama","status":"publish","type":"post","link":"https:\/\/antiguaesportiva.com\/revista\/2025\/11\/10\/guatemala-se-prepara-con-intensidad-para-enfrentar-a-panama\/","title":{"rendered":"Guatemala se prepara con intensidad para enfrentar a Panam\u00e1"},"content":{"rendered":"\n<h4 class=\"wp-block-heading\">El cuerpo t\u00e9cnico trabaja en ajustes t\u00e1cticos y f\u00edsicos de cara al encuentro del jueves<\/h4>\n\n\n\n<p>La Selecci\u00f3n Nacional de Guatemala contin\u00faa su preparaci\u00f3n con miras al pr\u00f3ximo compromiso ante la Selecci\u00f3n de Panam\u00e1, programado para el jueves, en lo que promete ser un duelo clave dentro de su calendario de partidos internacionales.<\/p>\n\n\n\n<figure class=\"wp-block-image size-large is-resized\"><img loading=\"lazy\" decoding=\"async\" width=\"723\" height=\"1024\" src=\"https:\/\/antiguaesportiva.com\/revista\/wp-content\/uploads\/2025\/10\/IFS-carreras25@4x-723x1024.png\" alt=\"\" class=\"wp-image-10079\" style=\"width:498px;height:auto\" srcset=\"https:\/\/antiguaesportiva.com\/revista\/wp-content\/uploads\/2025\/10\/IFS-carreras25@4x-723x1024.png 723w, https:\/\/antiguaesportiva.com\/revista\/wp-content\/uploads\/2025\/10\/IFS-carreras25@4x-212x300.png 212w, https:\/\/antiguaesportiva.com\/revista\/wp-content\/uploads\/2025\/10\/IFS-carreras25@4x-768x1087.png 768w, https:\/\/antiguaesportiva.com\/revista\/wp-content\/uploads\/2025\/10\/IFS-carreras25@4x-554x784.png 554w, https:\/\/antiguaesportiva.com\/revista\/wp-content\/uploads\/2025\/10\/IFS-carreras25@4x.png 1000w\" sizes=\"auto, (max-width: 723px) 100vw, 723px\" \/><\/figure>\n\n\n\n<h3 class=\"wp-block-heading\">Trabajo t\u00e1ctico y enfoque en la recuperaci\u00f3n f\u00edsica<\/h3>\n\n\n\n<p>Bajo la direcci\u00f3n del cuerpo t\u00e9cnico, los entrenamientos se han centrado en mejorar la precisi\u00f3n ofensiva y la solidez defensiva, dos aspectos que el cuerpo t\u00e9cnico considera fundamentales para enfrentar a un rival con el ritmo y potencia de Panam\u00e1.<\/p>\n\n\n\n<p>Los jugadores han realizado sesiones dobles que combinan trabajo f\u00edsico, ejercicios de posesi\u00f3n y simulaciones de juego real, con el objetivo de afinar la coordinaci\u00f3n entre l\u00edneas y la respuesta ante presi\u00f3n rival.<\/p>\n\n\n\n<h3 class=\"wp-block-heading\">Ajustes estrat\u00e9gicos y enfoque mental<\/h3>\n\n\n\n<p>El entrenador nacional ha puesto especial \u00e9nfasis en la disciplina t\u00e1ctica y la mentalidad competitiva, factores que ser\u00e1n determinantes en un encuentro que exigir\u00e1 concentraci\u00f3n total durante los 90 minutos.<\/p>\n\n\n\n<p>\u201cQueremos una selecci\u00f3n que sepa leer el juego y responder con car\u00e1cter. Panam\u00e1 es un equipo fuerte, pero nosotros confiamos en nuestro trabajo y en el compromiso de los jugadores\u201d, expres\u00f3 un miembro del cuerpo t\u00e9cnico.<\/p>\n\n\n\n<h3 class=\"wp-block-heading\">Objetivo: corregir errores y sumar confianza<\/h3>\n\n\n\n<p>De cara al enfrentamiento del jueves, la prioridad del combinado nacional es fortalecer el juego colectivo y mantener la concentraci\u00f3n en momentos clave del partido. El cuerpo t\u00e9cnico espera que las mejoras aplicadas en los entrenamientos se reflejen sobre el campo.<\/p>\n\n\n\n<p>Guatemala buscar\u00e1 no solo una victoria, sino tambi\u00e9n consolidar su identidad futbol\u00edstica bajo el nuevo plan de trabajo que se proyecta a mediano plazo, con la mirada puesta en los pr\u00f3ximos compromisos internacionales.<\/p>\n","protected":false},"excerpt":{"rendered":"<p>El cuerpo t\u00e9cnico trabaja en ajustes t\u00e1cticos y f\u00edsicos de cara al encuentro del jueves La Selecci\u00f3n Nacional de Guatemala contin\u00faa su preparaci\u00f3n con miras al pr\u00f3ximo compromiso ante la Selecci\u00f3n de Panam\u00e1, programado para el jueves, en lo que promete ser un duelo clave dentro de su calendario de partidos internacionales. Trabajo t\u00e1ctico y [&hellip;]<\/p>\n","protected":false},"author":9,"featured_media":10361,"comment_status":"closed","ping_status":"closed","sticky":false,"template":"","format":"standard","meta":{"footnotes":""},"categories":[35],"tags":[47,516,150,291,1119,455],"class_list":["post-10360","post","type-post","status-publish","format-standard","has-post-thumbnail","hentry","category-seleccion-nacional","tag-antigua-esportiva","tag-clasificacion-al-mundial","tag-copa-del-mundo","tag-guatemala","tag-panama-2","tag-seleccion-de-guatemala"],"_links":{"self":[{"href":"https:\/\/antiguaesportiva.com\/revista\/wp-json\/wp\/v2\/posts\/10360","targetHints":{"allow":["GET"]}}],"collection":[{"href":"https:\/\/antiguaesportiva.com\/revista\/wp-json\/wp\/v2\/posts"}],"about":[{"href":"https:\/\/antiguaesportiva.com\/revista\/wp-json\/wp\/v2\/types\/post"}],"author":[{"embeddable":true,"href":"https:\/\/antiguaesportiva.com\/revista\/wp-json\/wp\/v2\/users\/9"}],"replies":[{"embeddable":true,"href":"https:\/\/antiguaesportiva.com\/revista\/wp-json\/wp\/v2\/comments?post=10360"}],"version-history":[{"count":1,"href":"https:\/\/antiguaesportiva.com\/revista\/wp-json\/wp\/v2\/posts\/10360\/revisions"}],"predecessor-version":[{"id":10362,"href":"https:\/\/antiguaesportiva.com\/revista\/wp-json\/wp\/v2\/posts\/10360\/revisions\/10362"}],"wp:featuredmedia":[{"embeddable":true,"href":"https:\/\/antiguaesportiva.com\/revista\/wp-json\/wp\/v2\/media\/10361"}],"wp:attachment":[{"href":"https:\/\/antiguaesportiva.com\/revista\/wp-json\/wp\/v2\/media?parent=10360"}],"wp:term":[{"taxonomy":"category","embeddable":true,"href":"https:\/\/antiguaesportiva.com\/revista\/wp-json\/wp\/v2\/categories?post=10360"},{"taxonomy":"post_tag","embeddable":true,"href":"https:\/\/antiguaesportiva.com\/revista\/wp-json\/wp\/v2\/tags?post=10360"}],"curies":[{"name":"wp","href":"https:\/\/api.w.org\/{rel}","templated":true}]}}