{"id":10275,"date":"2025-11-04T13:52:09","date_gmt":"2025-11-04T19:52:09","guid":{"rendered":"https:\/\/antiguaesportiva.com\/revista\/?p=10275"},"modified":"2025-11-04T13:52:10","modified_gmt":"2025-11-04T19:52:10","slug":"mendez-laing-impone-su-nombre-en-inglaterra","status":"publish","type":"post","link":"https:\/\/antiguaesportiva.com\/revista\/2025\/11\/04\/mendez-laing-impone-su-nombre-en-inglaterra\/","title":{"rendered":"M\u00c9NDEZ-LAING IMPONE SU NOMBRE EN INGLATERRA"},"content":{"rendered":"\n<h3 class=\"wp-block-heading\">El atacante guatemalteco destaca con el MK Dons y recibe reconocimiento por su rendimiento<\/h3>\n\n\n\n<p>El futbolista guatemalteco Nathaniel M\u00e9ndez-Laing atraviesa uno de los mejores momentos de su reciente carrera en el f\u00fatbol europeo. El extremo, que esta temporada defiende los colores del MK Dons en la League Two (cuarta divisi\u00f3n del f\u00fatbol ingl\u00e9s), ha sido reconocido por su desempe\u00f1o individual, convirti\u00e9ndose en una de las figuras m\u00e1s influyentes del equipo en las \u00faltimas jornadas.<\/p>\n\n\n\n<figure class=\"wp-block-image size-large is-resized\"><img loading=\"lazy\" decoding=\"async\" width=\"723\" height=\"1024\" src=\"https:\/\/antiguaesportiva.com\/revista\/wp-content\/uploads\/2025\/10\/IFS-carreras25@4x-723x1024.png\" alt=\"\" class=\"wp-image-10079\" style=\"width:534px;height:auto\" srcset=\"https:\/\/antiguaesportiva.com\/revista\/wp-content\/uploads\/2025\/10\/IFS-carreras25@4x-723x1024.png 723w, https:\/\/antiguaesportiva.com\/revista\/wp-content\/uploads\/2025\/10\/IFS-carreras25@4x-212x300.png 212w, https:\/\/antiguaesportiva.com\/revista\/wp-content\/uploads\/2025\/10\/IFS-carreras25@4x-768x1087.png 768w, https:\/\/antiguaesportiva.com\/revista\/wp-content\/uploads\/2025\/10\/IFS-carreras25@4x-554x784.png 554w, https:\/\/antiguaesportiva.com\/revista\/wp-content\/uploads\/2025\/10\/IFS-carreras25@4x.png 1000w\" sizes=\"auto, (max-width: 723px) 100vw, 723px\" \/><\/figure>\n\n\n\n<h3 class=\"wp-block-heading\">Reconocimiento merecido<\/h3>\n\n\n\n<p>Gracias a sus actuaciones recientes, el atacante fue incluido entre los jugadores destacados de la jornada por medios deportivos del torneo, un reconocimiento que resalta la influencia que ha tenido dentro de la estructura ofensiva del club. Este impulso llega en un momento clave de la temporada, donde el MK Dons busca escalar posiciones y mantenerse en la lucha por objetivos mayores.<\/p>\n\n\n\n<h3 class=\"wp-block-heading\">Un ascenso que podr\u00eda abrir nuevas puertas<\/h3>\n\n\n\n<p>El buen nivel sostenido por M\u00e9ndez-Laing no ha pasado desapercibido. De acuerdo con reportes de prensa en Inglaterra, equipos de categor\u00edas superiores han comenzado a seguir de cerca su evoluci\u00f3n, lo que podr\u00eda abrirle la posibilidad de dar un nuevo salto en su trayectoria profesional.<\/p>\n\n\n\n<p>Su experiencia en ligas como la Championship y su madurez en el campo lo posicionan como un jugador capaz de competir nuevamente en niveles m\u00e1s alto<\/p>\n\n\n\n<h3 class=\"wp-block-heading\">Un momento que refleja constancia<\/h3>\n\n\n\n<p>A sus 33 a\u00f1os, M\u00e9ndez-Laing demuestra que el crecimiento deportivo no tiene fecha l\u00edmite. Su disciplina y adaptaci\u00f3n t\u00e1ctica lo mantienen vigente en el f\u00fatbol europeo, consolid\u00e1ndolo como uno de los nombres guatemaltecos m\u00e1s relevantes en el extranjero.<\/p>\n\n\n\n<p><\/p>\n","protected":false},"excerpt":{"rendered":"<p>El atacante guatemalteco destaca con el MK Dons y recibe reconocimiento por su rendimiento El futbolista guatemalteco Nathaniel M\u00e9ndez-Laing atraviesa uno de los mejores momentos de su reciente carrera en el f\u00fatbol europeo. El extremo, que esta temporada defiende los colores del MK Dons en la League Two (cuarta divisi\u00f3n del f\u00fatbol ingl\u00e9s), ha sido [&hellip;]<\/p>\n","protected":false},"author":9,"featured_media":10276,"comment_status":"closed","ping_status":"closed","sticky":false,"template":"","format":"standard","meta":{"footnotes":""},"categories":[40],"tags":[47,291,1103,283,455],"class_list":["post-10275","post","type-post","status-publish","format-standard","has-post-thumbnail","hentry","category-deporte-internacional","tag-antigua-esportiva","tag-guatemala","tag-mk-dons","tag-nathaniel-laing","tag-seleccion-de-guatemala"],"_links":{"self":[{"href":"https:\/\/antiguaesportiva.com\/revista\/wp-json\/wp\/v2\/posts\/10275","targetHints":{"allow":["GET"]}}],"collection":[{"href":"https:\/\/antiguaesportiva.com\/revista\/wp-json\/wp\/v2\/posts"}],"about":[{"href":"https:\/\/antiguaesportiva.com\/revista\/wp-json\/wp\/v2\/types\/post"}],"author":[{"embeddable":true,"href":"https:\/\/antiguaesportiva.com\/revista\/wp-json\/wp\/v2\/users\/9"}],"replies":[{"embeddable":true,"href":"https:\/\/antiguaesportiva.com\/revista\/wp-json\/wp\/v2\/comments?post=10275"}],"version-history":[{"count":1,"href":"https:\/\/antiguaesportiva.com\/revista\/wp-json\/wp\/v2\/posts\/10275\/revisions"}],"predecessor-version":[{"id":10277,"href":"https:\/\/antiguaesportiva.com\/revista\/wp-json\/wp\/v2\/posts\/10275\/revisions\/10277"}],"wp:featuredmedia":[{"embeddable":true,"href":"https:\/\/antiguaesportiva.com\/revista\/wp-json\/wp\/v2\/media\/10276"}],"wp:attachment":[{"href":"https:\/\/antiguaesportiva.com\/revista\/wp-json\/wp\/v2\/media?parent=10275"}],"wp:term":[{"taxonomy":"category","embeddable":true,"href":"https:\/\/antiguaesportiva.com\/revista\/wp-json\/wp\/v2\/categories?post=10275"},{"taxonomy":"post_tag","embeddable":true,"href":"https:\/\/antiguaesportiva.com\/revista\/wp-json\/wp\/v2\/tags?post=10275"}],"curies":[{"name":"wp","href":"https:\/\/api.w.org\/{rel}","templated":true}]}}