{"id":10270,"date":"2025-11-04T12:56:23","date_gmt":"2025-11-04T18:56:23","guid":{"rendered":"https:\/\/antiguaesportiva.com\/revista\/?p=10270"},"modified":"2025-11-04T12:56:24","modified_gmt":"2025-11-04T18:56:24","slug":"fedefut-responde-a-investigacion-de-fifa","status":"publish","type":"post","link":"https:\/\/antiguaesportiva.com\/revista\/2025\/11\/04\/fedefut-responde-a-investigacion-de-fifa\/","title":{"rendered":"FEDEFUT RESPONDE A INVESTIGACI\u00d3N DE FIFA"},"content":{"rendered":"\n<h3 class=\"wp-block-heading\">Se lanza campa\u00f1a contra el racismo en los estadios con Nicol\u00e1s Samayoa como imagen principal<\/h3>\n\n\n\n<p>La Federaci\u00f3n Nacional de F\u00fatbol de Guatemala (Fedefut) present\u00f3 este martes 4 de noviembre una nueva campa\u00f1a de concientizaci\u00f3n contra el racismo, con el objetivo de prevenir actos discriminatorios durante los pr\u00f3ximos partidos eliminatorios. La iniciativa surge en medio de una investigaci\u00f3n abierta por la FIFA, luego de reportes de comportamientos racistas en encuentros recientes disputados en el pa\u00eds.<\/p>\n\n\n\n<figure class=\"wp-block-image size-large is-resized\"><img loading=\"lazy\" decoding=\"async\" width=\"723\" height=\"1024\" src=\"https:\/\/antiguaesportiva.com\/revista\/wp-content\/uploads\/2025\/10\/IFS-carreras25@4x-723x1024.png\" alt=\"\" class=\"wp-image-10079\" style=\"width:538px;height:auto\" srcset=\"https:\/\/antiguaesportiva.com\/revista\/wp-content\/uploads\/2025\/10\/IFS-carreras25@4x-723x1024.png 723w, https:\/\/antiguaesportiva.com\/revista\/wp-content\/uploads\/2025\/10\/IFS-carreras25@4x-212x300.png 212w, https:\/\/antiguaesportiva.com\/revista\/wp-content\/uploads\/2025\/10\/IFS-carreras25@4x-768x1087.png 768w, https:\/\/antiguaesportiva.com\/revista\/wp-content\/uploads\/2025\/10\/IFS-carreras25@4x-554x784.png 554w, https:\/\/antiguaesportiva.com\/revista\/wp-content\/uploads\/2025\/10\/IFS-carreras25@4x.png 1000w\" sizes=\"auto, (max-width: 723px) 100vw, 723px\" \/><\/figure>\n\n\n\n<h3 class=\"wp-block-heading\">Contexto de la investigaci\u00f3n<\/h3>\n\n\n\n<p>La FIFA notific\u00f3 a Fedefut la apertura de un proceso disciplinario para evaluar incidentes registrados en grader\u00edos y pasillos de estadio durante partidos clasificatorios. Estas conductas, consideradas graves por el m\u00e1ximo ente del f\u00fatbol mundial, pueden derivar en multas econ\u00f3micas, suspensi\u00f3n de sedes, e incluso p\u00e9rdida de puntos. Conscientes del riesgo institucional y deportivo, las autoridades federativas decidieron actuar con urgencia. \u201cNo podemos permitir que la discriminaci\u00f3n forme parte del f\u00fatbol guatemalteco.\u201d<br>\u2014 Declar\u00f3 la Fedefut en el lanzamiento de la campa\u00f1a.<\/p>\n\n\n\n<h3 class=\"wp-block-heading\"><strong>Nicol\u00e1s Samayoa, portavoz del mensaje<\/strong><\/h3>\n\n\n\n<p>El defensa de CSD Municipal y seleccionado nacional, Nicol\u00e1s Samayoa, fue elegido como figura central de la campa\u00f1a, debido a su liderazgo dentro de la selecci\u00f3n y su presencia constante en los \u00faltimos procesos clasificatorios. &#8220;Juntos contra el Racismo&#8221;  La elecci\u00f3n del futbolista tambi\u00e9n busca conectar con las nuevas generaciones de aficionados, promoviendo una cultura de respeto y convivencia en los estadios.<\/p>\n\n\n\n<p><\/p>\n","protected":false},"excerpt":{"rendered":"<p>Se lanza campa\u00f1a contra el racismo en los estadios con Nicol\u00e1s Samayoa como imagen principal La Federaci\u00f3n Nacional de F\u00fatbol de Guatemala (Fedefut) present\u00f3 este martes 4 de noviembre una nueva campa\u00f1a de concientizaci\u00f3n contra el racismo, con el objetivo de prevenir actos discriminatorios durante los pr\u00f3ximos partidos eliminatorios. La iniciativa surge en medio de [&hellip;]<\/p>\n","protected":false},"author":9,"featured_media":10250,"comment_status":"closed","ping_status":"closed","sticky":false,"template":"","format":"standard","meta":{"footnotes":""},"categories":[37],"tags":[47,492,144,291,563,455],"class_list":["post-10270","post","type-post","status-publish","format-standard","has-post-thumbnail","hentry","category-deportes","tag-antigua-esportiva","tag-fedefut","tag-fifa","tag-guatemala","tag-nicolas-samayoa","tag-seleccion-de-guatemala"],"_links":{"self":[{"href":"https:\/\/antiguaesportiva.com\/revista\/wp-json\/wp\/v2\/posts\/10270","targetHints":{"allow":["GET"]}}],"collection":[{"href":"https:\/\/antiguaesportiva.com\/revista\/wp-json\/wp\/v2\/posts"}],"about":[{"href":"https:\/\/antiguaesportiva.com\/revista\/wp-json\/wp\/v2\/types\/post"}],"author":[{"embeddable":true,"href":"https:\/\/antiguaesportiva.com\/revista\/wp-json\/wp\/v2\/users\/9"}],"replies":[{"embeddable":true,"href":"https:\/\/antiguaesportiva.com\/revista\/wp-json\/wp\/v2\/comments?post=10270"}],"version-history":[{"count":1,"href":"https:\/\/antiguaesportiva.com\/revista\/wp-json\/wp\/v2\/posts\/10270\/revisions"}],"predecessor-version":[{"id":10271,"href":"https:\/\/antiguaesportiva.com\/revista\/wp-json\/wp\/v2\/posts\/10270\/revisions\/10271"}],"wp:featuredmedia":[{"embeddable":true,"href":"https:\/\/antiguaesportiva.com\/revista\/wp-json\/wp\/v2\/media\/10250"}],"wp:attachment":[{"href":"https:\/\/antiguaesportiva.com\/revista\/wp-json\/wp\/v2\/media?parent=10270"}],"wp:term":[{"taxonomy":"category","embeddable":true,"href":"https:\/\/antiguaesportiva.com\/revista\/wp-json\/wp\/v2\/categories?post=10270"},{"taxonomy":"post_tag","embeddable":true,"href":"https:\/\/antiguaesportiva.com\/revista\/wp-json\/wp\/v2\/tags?post=10270"}],"curies":[{"name":"wp","href":"https:\/\/api.w.org\/{rel}","templated":true}]}}