{"id":10216,"date":"2025-11-01T14:00:25","date_gmt":"2025-11-01T20:00:25","guid":{"rendered":"https:\/\/antiguaesportiva.com\/revista\/?p=10216"},"modified":"2025-11-01T14:01:07","modified_gmt":"2025-11-01T20:01:07","slug":"el-gran-cierre-de-la-9na-etapa-de-la-vuelta-ciclistica-a-guatemala-en-la-antigua-guatemala","status":"publish","type":"post","link":"https:\/\/antiguaesportiva.com\/revista\/2025\/11\/01\/el-gran-cierre-de-la-9na-etapa-de-la-vuelta-ciclistica-a-guatemala-en-la-antigua-guatemala\/","title":{"rendered":"El gran cierre de la 9na. Etapa de la Vuelta Cicl\u00edstica a Guatemala en La Antigua Guatemala"},"content":{"rendered":"\n<p class=\"wp-block-paragraph\"><em>a 9na. etapa de la Vuelta Cicl\u00edstica entra en su tramo decisivo con final en la hist\u00f3rica Plaza Mayor<\/em><\/p>\n\n\n\n<h3 class=\"wp-block-heading\"><strong>Emoci\u00f3n al m\u00e1ximo en el cierre de la 9na. etapa<\/strong><\/h3>\n\n\n\n<p class=\"wp-block-paragraph\">La adrenalina se vive a flor de piel en la 9na. etapa de la 61\u00aa Vuelta Cicl\u00edstica a Guatemala, donde los pedalistas ya se encuentran en los \u00faltimos 28 kil\u00f3metros del recorrido. La caravana ciclista avanza con fuerza rumbo a La Antigua Guatemala, donde los espera una multitud en la Plaza Mayor, meta final de esta exigente jornada de 200.3 km.<\/p>\n\n\n\n<p class=\"wp-block-paragraph\">El trayecto, que inici\u00f3 en Chimaltenango, ha sido un verdadero desaf\u00edo. Los corredores han superado pasos por El Tejar, Ciudad Vieja, Santa Luc\u00eda Cotzumalguapa, Cotzumalguapa, Patulul y Escuintla, antes de enfilar hacia el ascenso que los llevar\u00e1 de regreso a La Antigua.<\/p>\n\n\n\n<figure class=\"wp-block-image size-large is-resized\"><img loading=\"lazy\" decoding=\"async\" width=\"723\" height=\"1024\" src=\"https:\/\/antiguaesportiva.com\/revista\/wp-content\/uploads\/2025\/10\/IFS-carreras25@4x-723x1024.png\" alt=\"\" class=\"wp-image-10079\" style=\"width:556px;height:auto\" srcset=\"https:\/\/antiguaesportiva.com\/revista\/wp-content\/uploads\/2025\/10\/IFS-carreras25@4x-723x1024.png 723w, https:\/\/antiguaesportiva.com\/revista\/wp-content\/uploads\/2025\/10\/IFS-carreras25@4x-212x300.png 212w, https:\/\/antiguaesportiva.com\/revista\/wp-content\/uploads\/2025\/10\/IFS-carreras25@4x-768x1087.png 768w, https:\/\/antiguaesportiva.com\/revista\/wp-content\/uploads\/2025\/10\/IFS-carreras25@4x-554x784.png 554w, https:\/\/antiguaesportiva.com\/revista\/wp-content\/uploads\/2025\/10\/IFS-carreras25@4x.png 1000w\" sizes=\"auto, (max-width: 723px) 100vw, 723px\" \/><\/figure>\n\n\n\n<h3 class=\"wp-block-heading\"><strong>Etapa exigente con ritmo intenso<\/strong><\/h3>\n\n\n\n<p class=\"wp-block-paragraph\">Los ciclistas mantienen un ritmo alto pese al desgaste acumulado. Las altas temperaturas en el tramo costero y los cambios de altitud han sido factores determinantes en el rendimiento de los competidores.<\/p>\n\n\n\n<p class=\"wp-block-paragraph\">El Premio de Monta\u00f1a, ubicado en la entrada a Alotenango (km 188.3), ya fue superado, dejando al descubierto la fuerza de los escaladores y marcando diferencias importantes en la clasificaci\u00f3n general.<\/p>\n\n\n\n<p class=\"wp-block-paragraph\">Por su parte, las metas volantes disputadas en Florido El Aceituno (km 64) y Santa Luc\u00eda Cotzumalguapa (km 88 y 128) a\u00f1adieron emoci\u00f3n al inicio de la jornada, con velocistas buscando puntos valiosos.<\/p>\n\n\n\n<h3 class=\"wp-block-heading\"><strong>La Antigua lista para recibir a los campeones<\/strong><\/h3>\n\n\n\n<p class=\"wp-block-paragraph\">En la meta, el ambiente es de fiesta. Decenas de aficionados ya se concentran en el Parque Central de La Antigua Guatemala, preparados para recibir a los ciclistas tras m\u00e1s de 200 kil\u00f3metros de competencia. La ciudad colonial se engalana para cerrar con broche de oro una de las etapas m\u00e1s esperadas del evento, con un marco incomparable: calles empedradas, el majestuoso volc\u00e1n de Agua al fondo y el esp\u00edritu deportivo que une a toda Guatemala.<\/p>\n","protected":false},"excerpt":{"rendered":"<p>a 9na. etapa de la Vuelta Cicl\u00edstica entra en su tramo decisivo con final en la hist\u00f3rica Plaza Mayor Emoci\u00f3n al m\u00e1ximo en el cierre de la 9na. etapa La adrenalina se vive a flor de piel en la 9na. etapa de la 61\u00aa Vuelta Cicl\u00edstica a Guatemala, donde los pedalistas ya se encuentran en [&hellip;]<\/p>\n","protected":false},"author":9,"featured_media":10156,"comment_status":"closed","ping_status":"closed","sticky":false,"template":"","format":"standard","meta":{"footnotes":""},"categories":[38,37],"tags":[1045,47,914,291],"class_list":["post-10216","post","type-post","status-publish","format-standard","has-post-thumbnail","hentry","category-ciclismo","category-deportes","tag-64-vuelta-a-guatemala","tag-antigua-esportiva","tag-ciclismo-guatemala","tag-guatemala"],"_links":{"self":[{"href":"https:\/\/antiguaesportiva.com\/revista\/wp-json\/wp\/v2\/posts\/10216","targetHints":{"allow":["GET"]}}],"collection":[{"href":"https:\/\/antiguaesportiva.com\/revista\/wp-json\/wp\/v2\/posts"}],"about":[{"href":"https:\/\/antiguaesportiva.com\/revista\/wp-json\/wp\/v2\/types\/post"}],"author":[{"embeddable":true,"href":"https:\/\/antiguaesportiva.com\/revista\/wp-json\/wp\/v2\/users\/9"}],"replies":[{"embeddable":true,"href":"https:\/\/antiguaesportiva.com\/revista\/wp-json\/wp\/v2\/comments?post=10216"}],"version-history":[{"count":1,"href":"https:\/\/antiguaesportiva.com\/revista\/wp-json\/wp\/v2\/posts\/10216\/revisions"}],"predecessor-version":[{"id":10217,"href":"https:\/\/antiguaesportiva.com\/revista\/wp-json\/wp\/v2\/posts\/10216\/revisions\/10217"}],"wp:featuredmedia":[{"embeddable":true,"href":"https:\/\/antiguaesportiva.com\/revista\/wp-json\/wp\/v2\/media\/10156"}],"wp:attachment":[{"href":"https:\/\/antiguaesportiva.com\/revista\/wp-json\/wp\/v2\/media?parent=10216"}],"wp:term":[{"taxonomy":"category","embeddable":true,"href":"https:\/\/antiguaesportiva.com\/revista\/wp-json\/wp\/v2\/categories?post=10216"},{"taxonomy":"post_tag","embeddable":true,"href":"https:\/\/antiguaesportiva.com\/revista\/wp-json\/wp\/v2\/tags?post=10216"}],"curies":[{"name":"wp","href":"https:\/\/api.w.org\/{rel}","templated":true}]}}