{"id":10162,"date":"2025-10-28T13:38:17","date_gmt":"2025-10-28T19:38:17","guid":{"rendered":"https:\/\/antiguaesportiva.com\/revista\/?p=10162"},"modified":"2025-10-28T13:38:18","modified_gmt":"2025-10-28T19:38:18","slug":"diego-cuque-brilla-en-su-debut-internacional-con-guatemala","status":"publish","type":"post","link":"https:\/\/antiguaesportiva.com\/revista\/2025\/10\/28\/diego-cuque-brilla-en-su-debut-internacional-con-guatemala\/","title":{"rendered":"Diego Cuque brilla en su debut internacional con Guatemala"},"content":{"rendered":"\n<h4 class=\"wp-block-heading\"><em>El joven del Atl\u00e9tico Mictl\u00e1n demuestra car\u00e1cter y personalidad en el medio campo<\/em><\/h4>\n\n\n\n<p>El reciente encuentro de la Selecci\u00f3n Nacional de Guatemala  Sub-21 dej\u00f3 una nota positiva: el debut internacional de Diego Cuque, jugador del Atl\u00e9tico Mictl\u00e1n, quien ingres\u00f3 con determinaci\u00f3n y dej\u00f3 su sello en el medio campo.<\/p>\n\n\n\n<figure class=\"wp-block-image size-large is-resized\"><img loading=\"lazy\" decoding=\"async\" width=\"723\" height=\"1024\" src=\"https:\/\/antiguaesportiva.com\/revista\/wp-content\/uploads\/2025\/10\/IFS-carreras25@4x-723x1024.png\" alt=\"\" class=\"wp-image-10079\" style=\"width:546px;height:auto\" srcset=\"https:\/\/antiguaesportiva.com\/revista\/wp-content\/uploads\/2025\/10\/IFS-carreras25@4x-723x1024.png 723w, https:\/\/antiguaesportiva.com\/revista\/wp-content\/uploads\/2025\/10\/IFS-carreras25@4x-212x300.png 212w, https:\/\/antiguaesportiva.com\/revista\/wp-content\/uploads\/2025\/10\/IFS-carreras25@4x-768x1087.png 768w, https:\/\/antiguaesportiva.com\/revista\/wp-content\/uploads\/2025\/10\/IFS-carreras25@4x-554x784.png 554w, https:\/\/antiguaesportiva.com\/revista\/wp-content\/uploads\/2025\/10\/IFS-carreras25@4x.png 1000w\" sizes=\"auto, (max-width: 723px) 100vw, 723px\" \/><\/figure>\n\n\n\n<h3 class=\"wp-block-heading\"><strong>Un debut con decisi\u00f3n y compromiso<\/strong><\/h3>\n\n\n\n<p>Desde su ingreso, Cuque mostr\u00f3 una lectura de juego sobresaliente, anticipando las jugadas rivales y aportando en la recuperaci\u00f3n del bal\u00f3n. Su presencia ayud\u00f3 a sostener la presi\u00f3n de El Salvador en los minutos finales, mostrando calma y firmeza ante la exigencia del encuentro. Su personalidad y car\u00e1cter en el campo evidencian que no teme asumir responsabilidades, incluso en momentos de alta tensi\u00f3n, un rasgo valorado por entrenadores y compa\u00f1eros<\/p>\n\n\n\n<h3 class=\"wp-block-heading\"><strong>Promesa para el futuro de la Selecci\u00f3n Nacional<\/strong><\/h3>\n\n\n\n<p>La actuaci\u00f3n de Cuque dej\u00f3 una grata impresi\u00f3n y lo perfila como una de las nuevas promesas del f\u00fatbol guatemalteco. Su capacidad para adaptarse r\u00e1pidamente al nivel internacional y aportar en tareas defensivas y ofensivas lo convierte en un jugador a seguir en los pr\u00f3ximos compromisos del combinado nacional. Con este debut, Diego se suma a la lista de j\u00f3venes talentos que buscan consolidarse como referentes del f\u00fatbol guatemalteco, generando expectativa entre aficionados y entrenadores.<\/p>\n","protected":false},"excerpt":{"rendered":"<p>El joven del Atl\u00e9tico Mictl\u00e1n demuestra car\u00e1cter y personalidad en el medio campo El reciente encuentro de la Selecci\u00f3n Nacional de Guatemala Sub-21 dej\u00f3 una nota positiva: el debut internacional de Diego Cuque, jugador del Atl\u00e9tico Mictl\u00e1n, quien ingres\u00f3 con determinaci\u00f3n y dej\u00f3 su sello en el medio campo. Un debut con decisi\u00f3n y compromiso [&hellip;]<\/p>\n","protected":false},"author":9,"featured_media":10163,"comment_status":"closed","ping_status":"closed","sticky":false,"template":"","format":"standard","meta":{"footnotes":""},"categories":[35],"tags":[47,646,1077,291,765,455],"class_list":["post-10162","post","type-post","status-publish","format-standard","has-post-thumbnail","hentry","category-seleccion-nacional","tag-antigua-esportiva","tag-atletico-mictlan","tag-diego-cuque","tag-guatemala","tag-juegos-centroamericanos-2025","tag-seleccion-de-guatemala"],"_links":{"self":[{"href":"https:\/\/antiguaesportiva.com\/revista\/wp-json\/wp\/v2\/posts\/10162","targetHints":{"allow":["GET"]}}],"collection":[{"href":"https:\/\/antiguaesportiva.com\/revista\/wp-json\/wp\/v2\/posts"}],"about":[{"href":"https:\/\/antiguaesportiva.com\/revista\/wp-json\/wp\/v2\/types\/post"}],"author":[{"embeddable":true,"href":"https:\/\/antiguaesportiva.com\/revista\/wp-json\/wp\/v2\/users\/9"}],"replies":[{"embeddable":true,"href":"https:\/\/antiguaesportiva.com\/revista\/wp-json\/wp\/v2\/comments?post=10162"}],"version-history":[{"count":1,"href":"https:\/\/antiguaesportiva.com\/revista\/wp-json\/wp\/v2\/posts\/10162\/revisions"}],"predecessor-version":[{"id":10164,"href":"https:\/\/antiguaesportiva.com\/revista\/wp-json\/wp\/v2\/posts\/10162\/revisions\/10164"}],"wp:featuredmedia":[{"embeddable":true,"href":"https:\/\/antiguaesportiva.com\/revista\/wp-json\/wp\/v2\/media\/10163"}],"wp:attachment":[{"href":"https:\/\/antiguaesportiva.com\/revista\/wp-json\/wp\/v2\/media?parent=10162"}],"wp:term":[{"taxonomy":"category","embeddable":true,"href":"https:\/\/antiguaesportiva.com\/revista\/wp-json\/wp\/v2\/categories?post=10162"},{"taxonomy":"post_tag","embeddable":true,"href":"https:\/\/antiguaesportiva.com\/revista\/wp-json\/wp\/v2\/tags?post=10162"}],"curies":[{"name":"wp","href":"https:\/\/api.w.org\/{rel}","templated":true}]}}